{"id":26477,"date":"2024-09-12T08:00:00","date_gmt":"2024-09-12T06:00:00","guid":{"rendered":"https:\/\/fcliege.be\/fr\/?p=26477"},"modified":"2025-04-27T01:57:30","modified_gmt":"2025-04-26T23:57:30","slug":"tournoi-pour-la-bonne-cause","status":"publish","type":"post","link":"https:\/\/fcliege.be\/fr\/tournoi-pour-la-bonne-cause\/","title":{"rendered":"Tournoi | Pour la bonne cause !"},"content":{"rendered":"\n<p><\/p>\n\n\n\n<h4 class=\"wp-block-heading\"><strong>Le RFC Li\u00e8ge ouvrira en grand ses installations \u00e0 la Lucia\u2019s Cup les 31 mai et 1er juin 2025.<\/strong><\/h4>\n\n\n\n<p>De quoi s\u2019agit-il ? De recueillir des fonds destin\u00e9s \u00e0 la recherche m\u00e9dicale des maladies mitochondriales pour lesquelles il n\u2019existe actuellement aucun rem\u00e8de.<\/p>\n\n\n\n<p>Vous trouverez <strong><a href=\"https:\/\/fcliege.be\/fr\/wp-content\/uploads\/2024\/09\/Lucias-cup-2025-Invitation-et-formulaire-FR.pdf\" target=\"_blank\" rel=\"noreferrer noopener\">la lettre des parents <\/a><\/strong>de la jeune <strong>Lucia <\/strong>d\u00e9c\u00e9d\u00e9e en ao\u00fbt 2023 des suites de cette terrible maladie ainsi que l\u2019invitation au tournoi.<\/p>\n\n\n\n<p>Merci \u00e0 vous de r\u00e9percuter cette invitation pour qu\u2019un maximum d\u2019\u00e9quipes de jeunes rejoigne le tournoi auquel plusieurs \u00e9quipes de nos jeunes se sont d\u00e9j\u00e0 inscrites.<\/p>\n\n\n\n<p>Une vente aux ench\u00e8res de maillots de football sera \u00e9galement organis\u00e9e en marge du tournoi pour augmenter les fonds g\u00e9n\u00e9r\u00e9s par le tournoi. Merci \u00e0 ceux qui poss\u00e8deraient de tels maillots et qui d\u00e9cideraient d\u2019en faire don aux parents de Lucia. Les maillots peuvent \u00eatre remis au club.<\/p>\n\n\n\n<p>Un grand merci \u00e0 tous pour votre soutien \u00e0 cette juste cause !<\/p>\n\n\n\n<p>&gt; <strong>Contact &amp; inscriptions :<\/strong> <a rel=\"noreferrer noopener\" href=\"mailto:luciascup@gmail.com\" target=\"_blank\">luciascup@gmail.com<\/a><\/p>\n\n\n\n<p><a rel=\"noreferrer noopener\" href=\"https:\/\/fcliege.be\/fr\/wp-content\/uploads\/2024\/09\/Lucias-cup-2025-Invitation-et-formulaire-FR.pdf\" target=\"_blank\">> <strong>T\u00e9l\u00e9chargez le formulaire d&rsquo;inscription<\/strong><\/a><\/p>\n\n\n\n<figure class=\"wp-block-gallery has-nested-images columns-default is-cropped wp-block-gallery-1 is-layout-flex\">\n<figure class=\"wp-block-image size-large\"><img decoding=\"async\" loading=\"lazy\" width=\"724\" height=\"1024\" data-id=\"28658\"  src=\"https:\/\/fcliege.be\/fr\/wp-content\/uploads\/2025\/04\/lucia-724x1024.jpg\" alt=\"\" class=\"wp-image-28658\" srcset=\"https:\/\/fcliege.be\/fr\/wp-content\/uploads\/2025\/04\/lucia-724x1024.jpg 724w, https:\/\/fcliege.be\/fr\/wp-content\/uploads\/2025\/04\/lucia-212x300.jpg 212w, https:\/\/fcliege.be\/fr\/wp-content\/uploads\/2025\/04\/lucia-768x1086.jpg 768w, https:\/\/fcliege.be\/fr\/wp-content\/uploads\/2025\/04\/lucia-scaled.jpg 1810w\" sizes=\"(max-width: 724px) 100vw, 724px\" \/><\/figure>\n\n\n\n<figure class=\"wp-block-image size-large\"><img decoding=\"async\" loading=\"lazy\" width=\"724\" height=\"1024\" data-id=\"28659\"  src=\"https:\/\/fcliege.be\/fr\/wp-content\/uploads\/2025\/04\/lucia2-724x1024.jpg\" alt=\"\" class=\"wp-image-28659\" srcset=\"https:\/\/fcliege.be\/fr\/wp-content\/uploads\/2025\/04\/lucia2-724x1024.jpg 724w, https:\/\/fcliege.be\/fr\/wp-content\/uploads\/2025\/04\/lucia2-212x300.jpg 212w, https:\/\/fcliege.be\/fr\/wp-content\/uploads\/2025\/04\/lucia2-768x1086.jpg 768w, https:\/\/fcliege.be\/fr\/wp-content\/uploads\/2025\/04\/lucia2-scaled.jpg 1810w\" sizes=\"(max-width: 724px) 100vw, 724px\" \/><\/figure>\n<\/figure>\n","protected":false},"excerpt":{"rendered":"<p>Le RFC Li\u00e8ge ouvrira en grand ses installations \u00e0 la Lucia\u2019s Cup les 31 mai et 1er juin 2025. De quoi s\u2019agit-il ? De recueillir des fonds destin\u00e9s \u00e0 la recherche m\u00e9dicale des maladies mitochondriales pour lesquelles il n\u2019existe actuellement aucun rem\u00e8de. Vous trouverez la lettre des parents de la jeune Lucia d\u00e9c\u00e9d\u00e9e en ao\u00fbt [&hellip;]<\/p>\n","protected":false},"author":12,"featured_media":26485,"comment_status":"closed","ping_status":"closed","sticky":false,"template":"","format":"standard","meta":{"iawp_total_views":9},"categories":[1],"tags":[],"_links":{"self":[{"href":"https:\/\/fcliege.be\/fr\/wp-json\/wp\/v2\/posts\/26477"}],"collection":[{"href":"https:\/\/fcliege.be\/fr\/wp-json\/wp\/v2\/posts"}],"about":[{"href":"https:\/\/fcliege.be\/fr\/wp-json\/wp\/v2\/types\/post"}],"author":[{"embeddable":true,"href":"https:\/\/fcliege.be\/fr\/wp-json\/wp\/v2\/users\/12"}],"replies":[{"embeddable":true,"href":"https:\/\/fcliege.be\/fr\/wp-json\/wp\/v2\/comments?post=26477"}],"version-history":[{"count":8,"href":"https:\/\/fcliege.be\/fr\/wp-json\/wp\/v2\/posts\/26477\/revisions"}],"predecessor-version":[{"id":28660,"href":"https:\/\/fcliege.be\/fr\/wp-json\/wp\/v2\/posts\/26477\/revisions\/28660"}],"wp:featuredmedia":[{"embeddable":true,"href":"https:\/\/fcliege.be\/fr\/wp-json\/wp\/v2\/media\/26485"}],"wp:attachment":[{"href":"https:\/\/fcliege.be\/fr\/wp-json\/wp\/v2\/media?parent=26477"}],"wp:term":[{"taxonomy":"category","embeddable":true,"href":"https:\/\/fcliege.be\/fr\/wp-json\/wp\/v2\/categories?post=26477"},{"taxonomy":"post_tag","embeddable":true,"href":"https:\/\/fcliege.be\/fr\/wp-json\/wp\/v2\/tags?post=26477"}],"curies":[{"name":"wp","href":"https:\/\/api.w.org\/{rel}","templated":true}]}}