{"id":26526,"date":"2024-10-29T20:21:42","date_gmt":"2024-10-29T18:21:42","guid":{"rendered":"https:\/\/fcliege.be\/fr\/?p=26526"},"modified":"2024-10-29T20:21:43","modified_gmt":"2024-10-29T18:21:43","slug":"interview-la-parole-a-ryan-merlen-4","status":"publish","type":"post","link":"https:\/\/fcliege.be\/fr\/interview-la-parole-a-ryan-merlen-4\/","title":{"rendered":"Interview | La parole \u00e0 Ryan Merlen"},"content":{"rendered":"\n<p><\/p>\n\n\n\n<h4 class=\"wp-block-heading\"><strong>L&rsquo;interview de la semaine en compagnie de Ryan Merlen<\/strong><\/h4>\n\n\n\n<p><strong>Tu as inscrit ton 1er but de la saison, de quoi te donner un peu plus de confiance apr\u00e8s 4 matchs cons\u00e9cutifs dans le 11 ?<\/strong><\/p>\n\n\n\n<p>Bien s\u00fbr, j\u2019attendais ce but avec impatience. \u00c7a fait toujours plaisir d\u2019ouvrir son compteur, m\u00eame si ne pas obtenir les trois points \u00e0 la fin laisse un go\u00fbt amer. Mais, sur le plan personnel, c\u2019est \u00e9videmment satisfaisant d\u2019avoir inscrit mon premier but.<\/p>\n\n\n\n<p><strong>Le RFCL n\u2019a pas fait le break avant la mi-temps. Il faudra rectifier \u00e7a lors des prochaines \u00e9ch\u00e9ances ?<\/strong><\/p>\n\n\n\n<p>Oui, depuis le d\u00e9but de la saison, nous livrons de bonnes performances et nous nous cr\u00e9ons beaucoup d\u2019occasions, mais nous en gaspillons aussi \u00e9norm\u00e9ment. Il y a eu des matchs \u00e0 domicile o\u00f9 nous devions prendre les trois points, mais o\u00f9 nous avons termin\u00e9 avec un seul. Il faudra corriger \u00e7a dans les prochains jours pour continuer \u00e0 monter au classement.<\/p>\n\n\n\n<p><strong>Le RFCL se d\u00e9place au Beerschot, dernier de Jupiler Pro League. Un coup \u00e0 jouer en Croky Cup ?<\/strong><\/p>\n\n\n\n<p>Tout le monde sait que la coupe, c\u2019est une autre comp\u00e9tition, avec une atmosph\u00e8re diff\u00e9rente. Il faudra se battre jusqu\u2019au bout, et pourquoi pas chercher une qualification. Nous allons donner le maximum.<\/p>\n\n\n\n<p><strong>En championnat, Li\u00e8ge va affronter quatre \u00e9quipes du top 6, en commen\u00e7ant par la RAAL samedi. L\u2019\u00e9quipe est-elle pr\u00eate \u00e0 relever ce d\u00e9fi ?<\/strong><\/p>\n\n\n\n<p>Nous sommes toujours pr\u00eats ! Si nous sommes dans cette division, c\u2019est parce que nous le m\u00e9ritons. Nous connaissons nos qualit\u00e9s, et ce sera l\u2019occasion de voir ce que l\u2019on vaut face aux \u00e9quipes du haut de tableau. L\u2019objectif est de prendre le maximum de points face \u00e0 ces \u00e9quipes.<\/p>\n\n\n\n<figure class=\"wp-block-image size-large\"><img decoding=\"async\" loading=\"lazy\" width=\"1024\" height=\"1024\" src=\"https:\/\/fcliege.be\/fr\/wp-content\/uploads\/2024\/10\/merlen-1024x1024.jpg\" alt=\"\" class=\"wp-image-27048\" srcset=\"https:\/\/fcliege.be\/fr\/wp-content\/uploads\/2024\/10\/merlen-1024x1024.jpg 1024w, https:\/\/fcliege.be\/fr\/wp-content\/uploads\/2024\/10\/merlen-300x300.jpg 300w, https:\/\/fcliege.be\/fr\/wp-content\/uploads\/2024\/10\/merlen-150x150.jpg 150w, https:\/\/fcliege.be\/fr\/wp-content\/uploads\/2024\/10\/merlen-768x768.jpg 768w, https:\/\/fcliege.be\/fr\/wp-content\/uploads\/2024\/10\/merlen-1536x1536.jpg 1536w, https:\/\/fcliege.be\/fr\/wp-content\/uploads\/2024\/10\/merlen.jpg 2000w\" sizes=\"(max-width: 1024px) 100vw, 1024px\" \/><\/figure>\n","protected":false},"excerpt":{"rendered":"<p>L&rsquo;interview de la semaine en compagnie de Ryan Merlen Tu as inscrit ton 1er but de la saison, de quoi te donner un peu plus de confiance apr\u00e8s 4 matchs cons\u00e9cutifs dans le 11 ? Bien s\u00fbr, j\u2019attendais ce but avec impatience. \u00c7a fait toujours plaisir d\u2019ouvrir son compteur, m\u00eame si ne pas obtenir les [&hellip;]<\/p>\n","protected":false},"author":12,"featured_media":27047,"comment_status":"closed","ping_status":"closed","sticky":false,"template":"","format":"standard","meta":{"iawp_total_views":1},"categories":[1,24],"tags":[],"_links":{"self":[{"href":"https:\/\/fcliege.be\/fr\/wp-json\/wp\/v2\/posts\/26526"}],"collection":[{"href":"https:\/\/fcliege.be\/fr\/wp-json\/wp\/v2\/posts"}],"about":[{"href":"https:\/\/fcliege.be\/fr\/wp-json\/wp\/v2\/types\/post"}],"author":[{"embeddable":true,"href":"https:\/\/fcliege.be\/fr\/wp-json\/wp\/v2\/users\/12"}],"replies":[{"embeddable":true,"href":"https:\/\/fcliege.be\/fr\/wp-json\/wp\/v2\/comments?post=26526"}],"version-history":[{"count":5,"href":"https:\/\/fcliege.be\/fr\/wp-json\/wp\/v2\/posts\/26526\/revisions"}],"predecessor-version":[{"id":27049,"href":"https:\/\/fcliege.be\/fr\/wp-json\/wp\/v2\/posts\/26526\/revisions\/27049"}],"wp:featuredmedia":[{"embeddable":true,"href":"https:\/\/fcliege.be\/fr\/wp-json\/wp\/v2\/media\/27047"}],"wp:attachment":[{"href":"https:\/\/fcliege.be\/fr\/wp-json\/wp\/v2\/media?parent=26526"}],"wp:term":[{"taxonomy":"category","embeddable":true,"href":"https:\/\/fcliege.be\/fr\/wp-json\/wp\/v2\/categories?post=26526"},{"taxonomy":"post_tag","embeddable":true,"href":"https:\/\/fcliege.be\/fr\/wp-json\/wp\/v2\/tags?post=26526"}],"curies":[{"name":"wp","href":"https:\/\/api.w.org\/{rel}","templated":true}]}}