{"id":26812,"date":"2024-10-17T18:08:12","date_gmt":"2024-10-17T16:08:12","guid":{"rendered":"https:\/\/fcliege.be\/fr\/?p=26812"},"modified":"2024-10-17T18:08:12","modified_gmt":"2024-10-17T16:08:12","slug":"interview-la-parole-a-flavio-da-silva","status":"publish","type":"post","link":"https:\/\/fcliege.be\/fr\/interview-la-parole-a-flavio-da-silva\/","title":{"rendered":"Interview | La parole \u00e0 Flavio Da Silva"},"content":{"rendered":"\n<p><\/p>\n\n\n\n<h4 class=\"wp-block-heading\"><strong>L&rsquo;interview de la semaine en compagnie de Flavio De Silva<\/strong><\/h4>\n\n\n\n<p><strong>Apr\u00e8s un partage convaincant, le RFC Li\u00e8ge a l\u2019occasion de r\u00e9aliser une belle op\u00e9ration en s\u2019imposant ce vendredi. Qu\u2019en penses-tu ?<\/strong><\/p>\n\n\n\n<p>En effet, nous avons eu du temps pour bien pr\u00e9parer ce match pendant la tr\u00eave internationale. Nous allons essayer de continuer avec le m\u00eame \u00e9tat d\u2019esprit et la m\u00eame dynamique que celle sur laquelle nous avons termin\u00e9 afin de r\u00e9aliser un bon r\u00e9sultat contre les Francs Borains.<\/p>\n\n\n\n<p><strong>\u00c0 titre personnel, tu restes sur 4 buts en 3 matchs. Peut-on dire que tu es en grande forme ?<\/strong><\/p>\n\n\n\n<p>Pour l\u2019instant, je dirais que je suis en confiance. Je pourrais dire que je suis en grande forme lorsque les r\u00e9sultats de l\u2019\u00e9quipe seront encore meilleurs, et cela passe par une victoire aux Francs Borains.<\/p>\n\n\n\n<p><strong>Li\u00e8ge ne s\u2019est jamais impos\u00e9 aux Francs Borains. Penses-tu que l\u2019\u00e9quipe pourra briser cette s\u00e9rie n\u00e9gative ?<\/strong><\/p>\n\n\n\n<p>Nous l\u2019esp\u00e9rons. Comme je l\u2019ai dit, il faut que nous gardions le m\u00eame \u00e9tat d\u2019esprit et que nous ayons un peu plus de r\u00e9ussite dans les deux surfaces. Avec \u00e7a, les victoires suivront.<\/p>\n\n\n\n<p><strong>Depuis ton arriv\u00e9e, que penses-tu du Matricule 4 ? Quel est ton ressenti<\/strong> <strong>?<\/strong><\/p>\n\n\n\n<p>On sent qu\u2019il y a une vraie fiert\u00e9 d\u2019\u00eatre Li\u00e9geois d\u00e8s que nous entrons sur le terrain. Le soutien du public est incroyable, que ce soit lors des matchs \u00e0 domicile ou \u00e0 l\u2019ext\u00e9rieur, comme \u00e0 Seraing et m\u00eame \u00e0 Waregem. Nous voulons tout donner sur le terrain pour les supporters, car ils le m\u00e9ritent. J\u2019esp\u00e8re que nous pourrons leur apporter le plus de joie possible.<\/p>\n\n\n\n<figure class=\"wp-block-image size-large\"><img decoding=\"async\" loading=\"lazy\" width=\"1024\" height=\"1024\" src=\"https:\/\/fcliege.be\/fr\/wp-content\/uploads\/2024\/10\/dasilva-1024x1024.jpg\" alt=\"\" class=\"wp-image-26945\" srcset=\"https:\/\/fcliege.be\/fr\/wp-content\/uploads\/2024\/10\/dasilva-1024x1024.jpg 1024w, https:\/\/fcliege.be\/fr\/wp-content\/uploads\/2024\/10\/dasilva-300x300.jpg 300w, https:\/\/fcliege.be\/fr\/wp-content\/uploads\/2024\/10\/dasilva-150x150.jpg 150w, https:\/\/fcliege.be\/fr\/wp-content\/uploads\/2024\/10\/dasilva-768x768.jpg 768w, https:\/\/fcliege.be\/fr\/wp-content\/uploads\/2024\/10\/dasilva-1536x1536.jpg 1536w, https:\/\/fcliege.be\/fr\/wp-content\/uploads\/2024\/10\/dasilva.jpg 2000w\" sizes=\"(max-width: 1024px) 100vw, 1024px\" \/><\/figure>\n","protected":false},"excerpt":{"rendered":"<p>L&rsquo;interview de la semaine en compagnie de Flavio De Silva Apr\u00e8s un partage convaincant, le RFC Li\u00e8ge a l\u2019occasion de r\u00e9aliser une belle op\u00e9ration en s\u2019imposant ce vendredi. Qu\u2019en penses-tu ? En effet, nous avons eu du temps pour bien pr\u00e9parer ce match pendant la tr\u00eave internationale. Nous allons essayer de continuer avec le m\u00eame [&hellip;]<\/p>\n","protected":false},"author":12,"featured_media":26940,"comment_status":"closed","ping_status":"closed","sticky":false,"template":"","format":"standard","meta":{"iawp_total_views":2},"categories":[1,24],"tags":[],"_links":{"self":[{"href":"https:\/\/fcliege.be\/fr\/wp-json\/wp\/v2\/posts\/26812"}],"collection":[{"href":"https:\/\/fcliege.be\/fr\/wp-json\/wp\/v2\/posts"}],"about":[{"href":"https:\/\/fcliege.be\/fr\/wp-json\/wp\/v2\/types\/post"}],"author":[{"embeddable":true,"href":"https:\/\/fcliege.be\/fr\/wp-json\/wp\/v2\/users\/12"}],"replies":[{"embeddable":true,"href":"https:\/\/fcliege.be\/fr\/wp-json\/wp\/v2\/comments?post=26812"}],"version-history":[{"count":6,"href":"https:\/\/fcliege.be\/fr\/wp-json\/wp\/v2\/posts\/26812\/revisions"}],"predecessor-version":[{"id":26946,"href":"https:\/\/fcliege.be\/fr\/wp-json\/wp\/v2\/posts\/26812\/revisions\/26946"}],"wp:featuredmedia":[{"embeddable":true,"href":"https:\/\/fcliege.be\/fr\/wp-json\/wp\/v2\/media\/26940"}],"wp:attachment":[{"href":"https:\/\/fcliege.be\/fr\/wp-json\/wp\/v2\/media?parent=26812"}],"wp:term":[{"taxonomy":"category","embeddable":true,"href":"https:\/\/fcliege.be\/fr\/wp-json\/wp\/v2\/categories?post=26812"},{"taxonomy":"post_tag","embeddable":true,"href":"https:\/\/fcliege.be\/fr\/wp-json\/wp\/v2\/tags?post=26812"}],"curies":[{"name":"wp","href":"https:\/\/api.w.org\/{rel}","templated":true}]}}