{"id":26911,"date":"2024-10-23T08:00:00","date_gmt":"2024-10-23T06:00:00","guid":{"rendered":"https:\/\/fcliege.be\/fr\/?p=26911"},"modified":"2024-10-21T13:59:29","modified_gmt":"2024-10-21T11:59:29","slug":"fanshop-une-veste-blason","status":"publish","type":"post","link":"https:\/\/fcliege.be\/fr\/fanshop-une-veste-blason\/","title":{"rendered":"Fanshop | Une veste blason"},"content":{"rendered":"\n<p><\/p>\n\n\n\n<h4 class=\"wp-block-heading\"><strong>La Veste Blason, l\u2019indispensable de l\u2019hiver au fanshop !<\/strong><\/h4>\n\n\n\n<p><\/p>\n\n\n\n<p>Con\u00e7ue pour vous prot\u00e9ger des conditions les plus rudes, cette veste est parfaite pour les mois les plus froids. Avec son int\u00e9rieur doubl\u00e9 en polaire, elle vous garde au chaud, tandis que son ext\u00e9rieur imperm\u00e9able et r\u00e9sistant au vent vous prot\u00e8ge de la pluie et des bourrasques.<\/p>\n\n\n\n<p>C\u00f4t\u00e9 design, les d\u00e9tails rouge et bleu rappellent fi\u00e8rement les couleurs du club, tandis que le blason, r\u00e9alis\u00e9 en rubber avec des \u00e9l\u00e9ments en relief, ajoute une touche unique et \u00e9l\u00e9gante.<\/p>\n\n\n\n<p>La veste blason se d\u00e9voile \u00e0 travers une s\u00e9ance photo exclusive r\u00e9alis\u00e9e par la photographe li\u00e9geoise <strong>Elodie Timmermans<\/strong>. Pour incarner ce mod\u00e8le hivernal, c\u2019est notre joueur <strong>Ryan Merlen<\/strong> qui a pris la pose. Le d\u00e9cor ? La Place du march\u00e9 avec le Perron en arri\u00e8re-plan, symbole incontournable de Li\u00e8ge.<\/p>\n\n\n\n<p>Achetez-la d\u00e8s maintenant en ligne mais aussi au fanshop du stade d\u00e8s le dimanche 27 octobre \u00e0 l&rsquo;occasion du match de D1B contre le <strong>Club NXT <\/strong>(16h).<\/p>\n\n\n\n<h5 class=\"wp-block-heading\"><strong><a href=\"https:\/\/www.fcliege-fanshop.be\/shop\/veste-blason\/\" target=\"_blank\" rel=\"noreferrer noopener\">Commande en ligne sur www.fcliege-fanshop.be<\/a><\/strong><\/h5>\n\n\n\n<figure class=\"wp-block-gallery has-nested-images columns-default is-cropped wp-block-gallery-1 is-layout-flex\">\n<figure class=\"wp-block-image size-large\"><img decoding=\"async\" loading=\"lazy\" width=\"1024\" height=\"1024\" data-id=\"26914\"  src=\"https:\/\/fcliege.be\/fr\/wp-content\/uploads\/2024\/10\/Carre-RFCL-Veste-Blason-Ryan-Merlen-1024x1024.jpg\" alt=\"\" class=\"wp-image-26914\" srcset=\"https:\/\/fcliege.be\/fr\/wp-content\/uploads\/2024\/10\/Carre-RFCL-Veste-Blason-Ryan-Merlen-1024x1024.jpg 1024w, https:\/\/fcliege.be\/fr\/wp-content\/uploads\/2024\/10\/Carre-RFCL-Veste-Blason-Ryan-Merlen-300x300.jpg 300w, https:\/\/fcliege.be\/fr\/wp-content\/uploads\/2024\/10\/Carre-RFCL-Veste-Blason-Ryan-Merlen-150x150.jpg 150w, https:\/\/fcliege.be\/fr\/wp-content\/uploads\/2024\/10\/Carre-RFCL-Veste-Blason-Ryan-Merlen-768x768.jpg 768w, https:\/\/fcliege.be\/fr\/wp-content\/uploads\/2024\/10\/Carre-RFCL-Veste-Blason-Ryan-Merlen.jpg 1200w\" sizes=\"(max-width: 1024px) 100vw, 1024px\" \/><\/figure>\n\n\n\n<figure class=\"wp-block-image size-large\"><img decoding=\"async\" loading=\"lazy\" width=\"1024\" height=\"1024\" data-id=\"26916\"  src=\"https:\/\/fcliege.be\/fr\/wp-content\/uploads\/2024\/10\/Carre-RFCL-Veste-Blason-Ryan-Merlen-2-1024x1024.jpg\" alt=\"\" class=\"wp-image-26916\" srcset=\"https:\/\/fcliege.be\/fr\/wp-content\/uploads\/2024\/10\/Carre-RFCL-Veste-Blason-Ryan-Merlen-2-1024x1024.jpg 1024w, https:\/\/fcliege.be\/fr\/wp-content\/uploads\/2024\/10\/Carre-RFCL-Veste-Blason-Ryan-Merlen-2-300x300.jpg 300w, https:\/\/fcliege.be\/fr\/wp-content\/uploads\/2024\/10\/Carre-RFCL-Veste-Blason-Ryan-Merlen-2-150x150.jpg 150w, https:\/\/fcliege.be\/fr\/wp-content\/uploads\/2024\/10\/Carre-RFCL-Veste-Blason-Ryan-Merlen-2-768x768.jpg 768w, https:\/\/fcliege.be\/fr\/wp-content\/uploads\/2024\/10\/Carre-RFCL-Veste-Blason-Ryan-Merlen-2.jpg 1200w\" sizes=\"(max-width: 1024px) 100vw, 1024px\" \/><\/figure>\n\n\n\n<figure class=\"wp-block-image size-large\"><img decoding=\"async\" loading=\"lazy\" width=\"1024\" height=\"1024\" data-id=\"26915\"  src=\"https:\/\/fcliege.be\/fr\/wp-content\/uploads\/2024\/10\/RFCL-Veste-Blason-2025-1-1024x1024.jpg\" alt=\"\" class=\"wp-image-26915\" srcset=\"https:\/\/fcliege.be\/fr\/wp-content\/uploads\/2024\/10\/RFCL-Veste-Blason-2025-1-1024x1024.jpg 1024w, https:\/\/fcliege.be\/fr\/wp-content\/uploads\/2024\/10\/RFCL-Veste-Blason-2025-1-300x300.jpg 300w, https:\/\/fcliege.be\/fr\/wp-content\/uploads\/2024\/10\/RFCL-Veste-Blason-2025-1-150x150.jpg 150w, https:\/\/fcliege.be\/fr\/wp-content\/uploads\/2024\/10\/RFCL-Veste-Blason-2025-1-768x768.jpg 768w, https:\/\/fcliege.be\/fr\/wp-content\/uploads\/2024\/10\/RFCL-Veste-Blason-2025-1.jpg 1200w\" sizes=\"(max-width: 1024px) 100vw, 1024px\" \/><\/figure>\n<\/figure>\n","protected":false},"excerpt":{"rendered":"<p>La Veste Blason, l\u2019indispensable de l\u2019hiver au fanshop ! Con\u00e7ue pour vous prot\u00e9ger des conditions les plus rudes, cette veste est parfaite pour les mois les plus froids. Avec son int\u00e9rieur doubl\u00e9 en polaire, elle vous garde au chaud, tandis que son ext\u00e9rieur imperm\u00e9able et r\u00e9sistant au vent vous prot\u00e8ge de la pluie et des [&hellip;]<\/p>\n","protected":false},"author":12,"featured_media":26913,"comment_status":"closed","ping_status":"closed","sticky":false,"template":"","format":"standard","meta":{"iawp_total_views":18},"categories":[24,28],"tags":[],"_links":{"self":[{"href":"https:\/\/fcliege.be\/fr\/wp-json\/wp\/v2\/posts\/26911"}],"collection":[{"href":"https:\/\/fcliege.be\/fr\/wp-json\/wp\/v2\/posts"}],"about":[{"href":"https:\/\/fcliege.be\/fr\/wp-json\/wp\/v2\/types\/post"}],"author":[{"embeddable":true,"href":"https:\/\/fcliege.be\/fr\/wp-json\/wp\/v2\/users\/12"}],"replies":[{"embeddable":true,"href":"https:\/\/fcliege.be\/fr\/wp-json\/wp\/v2\/comments?post=26911"}],"version-history":[{"count":8,"href":"https:\/\/fcliege.be\/fr\/wp-json\/wp\/v2\/posts\/26911\/revisions"}],"predecessor-version":[{"id":26985,"href":"https:\/\/fcliege.be\/fr\/wp-json\/wp\/v2\/posts\/26911\/revisions\/26985"}],"wp:featuredmedia":[{"embeddable":true,"href":"https:\/\/fcliege.be\/fr\/wp-json\/wp\/v2\/media\/26913"}],"wp:attachment":[{"href":"https:\/\/fcliege.be\/fr\/wp-json\/wp\/v2\/media?parent=26911"}],"wp:term":[{"taxonomy":"category","embeddable":true,"href":"https:\/\/fcliege.be\/fr\/wp-json\/wp\/v2\/categories?post=26911"},{"taxonomy":"post_tag","embeddable":true,"href":"https:\/\/fcliege.be\/fr\/wp-json\/wp\/v2\/tags?post=26911"}],"curies":[{"name":"wp","href":"https:\/\/api.w.org\/{rel}","templated":true}]}}