{"id":26928,"date":"2024-10-15T15:02:47","date_gmt":"2024-10-15T13:02:47","guid":{"rendered":"https:\/\/fcliege.be\/fr\/?p=26928"},"modified":"2024-11-12T13:22:07","modified_gmt":"2024-11-12T11:22:07","slug":"dames-resultat-du-week-end","status":"publish","type":"post","link":"https:\/\/fcliege.be\/fr\/dames-resultat-du-week-end\/","title":{"rendered":"Dames | R\u00e9sultat du week-end"},"content":{"rendered":"\n<p><\/p>\n\n\n\n<p><strong>D\u00e9couvrez le compte-rendu du matchs de notre \u00e9quipe f\u00e9minine.<\/strong><\/p>\n\n\n\n<p><strong>EQUIPE A<\/strong> : RFC Li\u00e8ge-RAEC Mons 0-6 (J5 interprovinciale)<\/p>\n\n\n\n<p>Apr\u00e8s avoir affront\u00e9 La Louvi\u00e8re lors de son pr\u00e9c\u00e9dent match, le RFC Li\u00e8ge s\u2019est cette fois-ci mesur\u00e9 \u00e0 Mons, une autre \u00e9quipe pr\u00e9tendante au titre. D\u00e8s le d\u00e9but de la rencontre, Mons a impos\u00e9 son rythme, ouvrant le score sur un corner, avant de doubler la mise apr\u00e8s un cafouillage devant notre d\u00e9fense. Apr\u00e8s seulement 15 minutes de jeu, nous \u00e9tions d\u00e9j\u00e0 men\u00e9s 2-0.<\/p>\n\n\n\n<p>Malgr\u00e9 une tentative de r\u00e9ajustement tactique \u00e0 la mi-temps, la seconde p\u00e9riode a \u00e9t\u00e9 similaire \u00e0 la premi\u00e8re. Le manque d\u2019engagement dans les duels et les pertes de balle r\u00e9p\u00e9t\u00e9es nous ont emp\u00each\u00e9s de rivaliser. Sans r\u00e9elle organisation tactique, l\u2019\u00e9quipe, encore jeune et en construction, a subi la domination de Mons, qui a inscrit quatre autres buts.<\/p>\n\n\n\n<p>Un penalty conc\u00e9d\u00e9 en fin de match apr\u00e8s une main dans la surface a scell\u00e9 le score. Cette rencontre a soulign\u00e9 le besoin de leadership sur le terrain, mais nous restons confiants avec le retour de notre gardienne pour les prochains matchs.<\/p>\n\n\n\n<p>Le score final refl\u00e8te l\u2019\u00e9cart d\u2019exp\u00e9rience, Mons alignant plusieurs joueuses ayant \u00e9volu\u00e9 en Super League. Ces deux d\u00e9faites cons\u00e9cutives face \u00e0 La Louvi\u00e8re et Mons \u00e9taient attendues compte tenu de la force de nos adversaires, mais nous travaillons pour retrouver confiance et stabilit\u00e9 dans les prochains rendez-vous.<\/p>\n","protected":false},"excerpt":{"rendered":"<p>D\u00e9couvrez le compte-rendu du matchs de notre \u00e9quipe f\u00e9minine. EQUIPE A : RFC Li\u00e8ge-RAEC Mons 0-6 (J5 interprovinciale) Apr\u00e8s avoir affront\u00e9 La Louvi\u00e8re lors de son pr\u00e9c\u00e9dent match, le RFC Li\u00e8ge s\u2019est cette fois-ci mesur\u00e9 \u00e0 Mons, une autre \u00e9quipe pr\u00e9tendante au titre. D\u00e8s le d\u00e9but de la rencontre, Mons a impos\u00e9 son rythme, ouvrant [&hellip;]<\/p>\n","protected":false},"author":12,"featured_media":26931,"comment_status":"closed","ping_status":"closed","sticky":false,"template":"","format":"standard","meta":{"iawp_total_views":0},"categories":[70],"tags":[],"_links":{"self":[{"href":"https:\/\/fcliege.be\/fr\/wp-json\/wp\/v2\/posts\/26928"}],"collection":[{"href":"https:\/\/fcliege.be\/fr\/wp-json\/wp\/v2\/posts"}],"about":[{"href":"https:\/\/fcliege.be\/fr\/wp-json\/wp\/v2\/types\/post"}],"author":[{"embeddable":true,"href":"https:\/\/fcliege.be\/fr\/wp-json\/wp\/v2\/users\/12"}],"replies":[{"embeddable":true,"href":"https:\/\/fcliege.be\/fr\/wp-json\/wp\/v2\/comments?post=26928"}],"version-history":[{"count":3,"href":"https:\/\/fcliege.be\/fr\/wp-json\/wp\/v2\/posts\/26928\/revisions"}],"predecessor-version":[{"id":26933,"href":"https:\/\/fcliege.be\/fr\/wp-json\/wp\/v2\/posts\/26928\/revisions\/26933"}],"wp:featuredmedia":[{"embeddable":true,"href":"https:\/\/fcliege.be\/fr\/wp-json\/wp\/v2\/media\/26931"}],"wp:attachment":[{"href":"https:\/\/fcliege.be\/fr\/wp-json\/wp\/v2\/media?parent=26928"}],"wp:term":[{"taxonomy":"category","embeddable":true,"href":"https:\/\/fcliege.be\/fr\/wp-json\/wp\/v2\/categories?post=26928"},{"taxonomy":"post_tag","embeddable":true,"href":"https:\/\/fcliege.be\/fr\/wp-json\/wp\/v2\/tags?post=26928"}],"curies":[{"name":"wp","href":"https:\/\/api.w.org\/{rel}","templated":true}]}}