{"id":27029,"date":"2024-10-28T16:24:59","date_gmt":"2024-10-28T14:24:59","guid":{"rendered":"https:\/\/fcliege.be\/fr\/?p=27029"},"modified":"2024-11-12T13:21:51","modified_gmt":"2024-11-12T11:21:51","slug":"dames-resultat-du-week-end-2","status":"publish","type":"post","link":"https:\/\/fcliege.be\/fr\/dames-resultat-du-week-end-2\/","title":{"rendered":"Dames | R\u00e9sultat du week-end"},"content":{"rendered":"\n<p><\/p>\n\n\n\n<p><strong>D\u00e9couvrez le compte-rendu du match de notre \u00e9quipe B f\u00e9minine.<\/strong><\/p>\n\n\n\n<p><strong><strong>EQUIPE B<\/strong> : RFC Li\u00e8ge-EFA Manhay 8-2 (J9 1\u00e8re provinciale)<\/strong><\/p>\n\n\n\n<p>Ce week-end, le RFC Li\u00e8ge affrontait l\u2019\u00e9quipe de Manhay, deuxi\u00e8me du championnat. Le d\u00e9but de match s\u2019est av\u00e9r\u00e9 difficile, car l\u2019adversaire \u00e9tait venu avec l\u2019intention claire de gagner pour conserver sa place. D\u00e8s les premi\u00e8res minutes, Manhay a hauss\u00e9 le ton avec des fautes agressives, montrant sa volont\u00e9 de ne rien c\u00e9der face \u00e0 Li\u00e8ge.<\/p>\n\n\n\n<p>Il a fallu attendre la 20e minute pour que Li\u00e8ge se procure sa premi\u00e8re occasion : une magnifique perc\u00e9e de notre arri\u00e8re gauche, qui a dribbl\u00e9 plusieurs adversaires avant de marquer d\u2019un tir magistral, ouvrant le score \u00e0 1-0. \u00c0 la 24e minute, la petite Lucie a doubl\u00e9 la mise, puis \u00e0 la 29e minute, notre jeune Isaline, tout juste \u00e2g\u00e9e de 15 ans et titulaire pour la premi\u00e8re fois, a marqu\u00e9 son premier but avec Li\u00e8ge, portant le score \u00e0 3-0.<\/p>\n\n\n\n<p>La seconde mi-temps a vu un festival de buts. Pauline Frameree a inscrit le 4e but \u00e0 la 61e minute, suivie de Vita qui a marqu\u00e9 \u00e0 la 68e minute d\u2019un tir lointain. Vita a encore frapp\u00e9 \u00e0 la 74e, puis Pauline Frameree a marqu\u00e9 \u00e0 la 84e. En fin de match, Marika a inscrit deux buts coup sur coup \u00e0 la 87e et 88e, avant que Vita ne vienne cl\u00f4turer le score \u00e0 9-0 dans les arr\u00eats de jeu.<\/p>\n\n\n\n<p>Ce fut l&rsquo;une des plus belles performances de notre \u00e9quipe cette saison. La jeunesse n&rsquo;a pas fait d\u00e9faut aujourd&rsquo;hui, et nous sommes fiers d&rsquo;\u00eatre Li\u00e9geois.<\/p>\n","protected":false},"excerpt":{"rendered":"<p>D\u00e9couvrez le compte-rendu du match de notre \u00e9quipe B f\u00e9minine. EQUIPE B : RFC Li\u00e8ge-EFA Manhay 8-2 (J9 1\u00e8re provinciale) Ce week-end, le RFC Li\u00e8ge affrontait l\u2019\u00e9quipe de Manhay, deuxi\u00e8me du championnat. Le d\u00e9but de match s\u2019est av\u00e9r\u00e9 difficile, car l\u2019adversaire \u00e9tait venu avec l\u2019intention claire de gagner pour conserver sa place. D\u00e8s les premi\u00e8res [&hellip;]<\/p>\n","protected":false},"author":12,"featured_media":27032,"comment_status":"closed","ping_status":"closed","sticky":false,"template":"","format":"standard","meta":{"iawp_total_views":5},"categories":[70],"tags":[],"_links":{"self":[{"href":"https:\/\/fcliege.be\/fr\/wp-json\/wp\/v2\/posts\/27029"}],"collection":[{"href":"https:\/\/fcliege.be\/fr\/wp-json\/wp\/v2\/posts"}],"about":[{"href":"https:\/\/fcliege.be\/fr\/wp-json\/wp\/v2\/types\/post"}],"author":[{"embeddable":true,"href":"https:\/\/fcliege.be\/fr\/wp-json\/wp\/v2\/users\/12"}],"replies":[{"embeddable":true,"href":"https:\/\/fcliege.be\/fr\/wp-json\/wp\/v2\/comments?post=27029"}],"version-history":[{"count":3,"href":"https:\/\/fcliege.be\/fr\/wp-json\/wp\/v2\/posts\/27029\/revisions"}],"predecessor-version":[{"id":27033,"href":"https:\/\/fcliege.be\/fr\/wp-json\/wp\/v2\/posts\/27029\/revisions\/27033"}],"wp:featuredmedia":[{"embeddable":true,"href":"https:\/\/fcliege.be\/fr\/wp-json\/wp\/v2\/media\/27032"}],"wp:attachment":[{"href":"https:\/\/fcliege.be\/fr\/wp-json\/wp\/v2\/media?parent=27029"}],"wp:term":[{"taxonomy":"category","embeddable":true,"href":"https:\/\/fcliege.be\/fr\/wp-json\/wp\/v2\/categories?post=27029"},{"taxonomy":"post_tag","embeddable":true,"href":"https:\/\/fcliege.be\/fr\/wp-json\/wp\/v2\/tags?post=27029"}],"curies":[{"name":"wp","href":"https:\/\/api.w.org\/{rel}","templated":true}]}}