{"id":27073,"date":"2024-11-25T16:26:10","date_gmt":"2024-11-25T14:26:10","guid":{"rendered":"https:\/\/fcliege.be\/fr\/?p=27073"},"modified":"2024-11-25T16:28:00","modified_gmt":"2024-11-25T14:28:00","slug":"campagne-du-ruban-blanc","status":"publish","type":"post","link":"https:\/\/fcliege.be\/fr\/campagne-du-ruban-blanc\/","title":{"rendered":"Campagne du Ruban blanc"},"content":{"rendered":"\n<p><\/p>\n\n\n\n<h4 class=\"wp-block-heading\"><strong>Partenariat entre la Ville et le RFCL pour la Campagne du Ruban blanc<\/strong><\/h4>\n\n\n\n<p>Le RFC Li\u00e8ge s&rsquo;associe \u00e0 la Ville de Li\u00e8ge pour donner un \u00e9cho suppl\u00e9mentaire \u00e0 la Campagne du <strong>Ruban blanc<\/strong>, initiative mondiale pour mettre fin \u00e0 la violence envers les femmes. Dans cette p\u00e9riode de sensibilisation, qui s&rsquo;\u00e9tend du 25 novembre au 6 d\u00e9cembre, la Ville continue de faire entendre le message \u00ab Non \u00e0 la violence ! \u00bb en impliquant le RFC Li\u00e8ge pour toucher son public Sang &amp; Marine. Depuis 16 ans, la Ville s&rsquo;engage activement dans cette campagne, soulignant l&rsquo;importance d&rsquo;un d\u00e9bat public sur les violences, souvent d&rsquo;origine masculine, qui touchent de nombreuses femmes.<\/p>\n\n\n\n<p>Dans le cadre de cette collaboration, le Service de Plan de pr\u00e9vention de la Ville de Li\u00e8ge et le RFC Li\u00e8ge s&rsquo;associent pour mener plusieurs actions de sensibilisation et de pr\u00e9vention. Des formations ont \u00e9t\u00e9 organis\u00e9es \u00e0 destination des joueurs et du staff de l&rsquo;Ecole Des Jeunes, et une campagne de sensibilisation sera mise en place lors du match de championnat le 30 novembre contre Deinze.<\/p>\n\n\n\n<p>De plus, les joueurs de l&rsquo;\u00e9quipe A et le staff apportent leur soutien \u00e0 cette campagne en r\u00e9alisant une vid\u00e9o \u00e0 d\u00e9couvrir sur les r\u00e9seaux sociaux. Ensemble, nous contribuons \u00e0 faire de Li\u00e8ge une ville plus s\u00fbre, o\u00f9 l&rsquo;\u00e9coute des victimes et la sensibilisation des t\u00e9moins restent des priorit\u00e9s.<\/p>\n\n\n\n<figure class=\"wp-block-embed is-type-video is-provider-youtube wp-block-embed-youtube wp-embed-aspect-16-9 wp-has-aspect-ratio\"><div class=\"wp-block-embed__wrapper\">\n<iframe loading=\"lazy\" title=\"Campagne du Ruban blanc\" width=\"960\" height=\"540\" src=\"https:\/\/www.youtube.com\/embed\/VKMQEYJdVG0?feature=oembed\" frameborder=\"0\" allow=\"accelerometer; autoplay; clipboard-write; encrypted-media; gyroscope; picture-in-picture; web-share\" referrerpolicy=\"strict-origin-when-cross-origin\" allowfullscreen><\/iframe>\n<\/div><\/figure>\n\n\n\n<p><\/p>\n\n\n\n<p><strong>QUELQUES OUTILS &amp; NUM\u00c9ROS UTILES :<\/strong><\/p>\n\n\n\n<p><strong>Instagram <\/strong>: seccoliege<br><strong>Aide urgente<\/strong> : 112<br><strong>Ecoute ado<\/strong> : 103<br><strong>Ecoute adulte<\/strong> : 080 30 030<br><strong>Centre de prise en charge des violences sexuelles Li\u00e8ge<\/strong> : 04 323 93 11 www.cpvs.belgium.be<br><strong>Pour les professionnels <\/strong>: DIViCo Li\u00e8ge 0471 60 25 74 \u2013 0499 92 41 95 divico@polederessources.be &#8211; https:\/\/www.divico.org\/<br><strong>Application <\/strong>: App-Elles https:\/\/app-elles.fr\/<\/p>\n","protected":false},"excerpt":{"rendered":"<p>Partenariat entre la Ville et le RFCL pour la Campagne du Ruban blanc Le RFC Li\u00e8ge s&rsquo;associe \u00e0 la Ville de Li\u00e8ge pour donner un \u00e9cho suppl\u00e9mentaire \u00e0 la Campagne du Ruban blanc, initiative mondiale pour mettre fin \u00e0 la violence envers les femmes. Dans cette p\u00e9riode de sensibilisation, qui s&rsquo;\u00e9tend du 25 novembre au [&hellip;]<\/p>\n","protected":false},"author":12,"featured_media":27256,"comment_status":"closed","ping_status":"closed","sticky":false,"template":"","format":"standard","meta":{"iawp_total_views":1},"categories":[1,24],"tags":[],"_links":{"self":[{"href":"https:\/\/fcliege.be\/fr\/wp-json\/wp\/v2\/posts\/27073"}],"collection":[{"href":"https:\/\/fcliege.be\/fr\/wp-json\/wp\/v2\/posts"}],"about":[{"href":"https:\/\/fcliege.be\/fr\/wp-json\/wp\/v2\/types\/post"}],"author":[{"embeddable":true,"href":"https:\/\/fcliege.be\/fr\/wp-json\/wp\/v2\/users\/12"}],"replies":[{"embeddable":true,"href":"https:\/\/fcliege.be\/fr\/wp-json\/wp\/v2\/comments?post=27073"}],"version-history":[{"count":7,"href":"https:\/\/fcliege.be\/fr\/wp-json\/wp\/v2\/posts\/27073\/revisions"}],"predecessor-version":[{"id":27257,"href":"https:\/\/fcliege.be\/fr\/wp-json\/wp\/v2\/posts\/27073\/revisions\/27257"}],"wp:featuredmedia":[{"embeddable":true,"href":"https:\/\/fcliege.be\/fr\/wp-json\/wp\/v2\/media\/27256"}],"wp:attachment":[{"href":"https:\/\/fcliege.be\/fr\/wp-json\/wp\/v2\/media?parent=27073"}],"wp:term":[{"taxonomy":"category","embeddable":true,"href":"https:\/\/fcliege.be\/fr\/wp-json\/wp\/v2\/categories?post=27073"},{"taxonomy":"post_tag","embeddable":true,"href":"https:\/\/fcliege.be\/fr\/wp-json\/wp\/v2\/tags?post=27073"}],"curies":[{"name":"wp","href":"https:\/\/api.w.org\/{rel}","templated":true}]}}