{"id":27104,"date":"2025-01-18T19:51:10","date_gmt":"2025-01-18T18:51:10","guid":{"rendered":"https:\/\/fcliege.be\/fr\/?p=27104"},"modified":"2025-01-18T20:02:35","modified_gmt":"2025-01-18T19:02:35","slug":"interview-la-parole-a-antoine-lejoly","status":"publish","type":"post","link":"https:\/\/fcliege.be\/fr\/interview-la-parole-a-antoine-lejoly\/","title":{"rendered":"Interview | La parole \u00e0 Antoine Lejoly"},"content":{"rendered":"\n<p><\/p>\n\n\n\n<h4 class=\"wp-block-heading\"><strong>L&rsquo;interview de la semaine en compagnie d&rsquo;Antoine Lejoly<\/strong><\/h4>\n\n\n\n<p><strong>Qu\u2019a-t-il manqu\u00e9 pour ramener un point du RWDM ?<\/strong><\/p>\n\n\n\n<p>Nous avons manqu\u00e9 de r\u00e9alisme dans la zone de finition. Nous nous sommes pourtant cr\u00e9\u00e9s de nombreuses opportunit\u00e9s mais, dans ce type de match, il est essentiel de profiter de ses temps forts. Je pense que c\u2019est ce qui nous a fait d\u00e9faut le week-end dernier.<\/p>\n\n\n\n<p><strong>Avant le match contre les Francs Borains, ta derni\u00e8re titularisation remontait \u00e0 la saison 2022-2023. Comment as-tu gard\u00e9 la motivation et retrouv\u00e9 une place de titulaire ?<\/strong><\/p>\n\n\n\n<p>C\u2019est dans ma nature : je ne l\u00e2che jamais rien. L\u2019envie de me battre pour ce que je veux est toujours l\u00e0. J\u2019ai continu\u00e9 \u00e0 m\u2019entra\u00eener s\u00e9rieusement, \u00e0 travailler dur, et cela paie aujourd\u2019hui. J\u2019en suis tr\u00e8s fier.<\/p>\n\n\n\n<p><strong>Avec Kevin et Joshua, vous formez un trio solide en concurrence pour une place de titulaire. Comment cette rivalit\u00e9 se g\u00e8re-t-elle ?<\/strong><\/p>\n\n\n\n<p>Tr\u00e8s bien. La concurrence est l\u00e0, bien s\u00fbr, mais elle est saine. Kevin et Joshua sont des gars formidables, et c\u2019est un plaisir de m\u2019entra\u00eener avec eux au quotidien.<\/p>\n\n\n\n<p><strong>Li\u00e8ge s\u2019appr\u00eate \u00e0 recevoir le leader de la comp\u00e9tition. Quel sera le plan pour montrer que venir s\u2019imposer \u00e0 Rocourt est une t\u00e2che ardue ?<\/strong><\/p>\n\n\n\n<p>Le plan est simple : limiter leurs opportunit\u00e9s tout en concr\u00e9tisant les n\u00f4tres, ce qui nous a parfois manqu\u00e9 cette saison. Nous avons pu retrouver notre terrain pour les derniers entra\u00eenements de la semaine, ce qui est important pour retrouver nos sensations. Nous ferons tout notre possible pour prendre les trois points face \u00e0 Zulte Waregem.<\/p>\n","protected":false},"excerpt":{"rendered":"<p>L&rsquo;interview de la semaine en compagnie d&rsquo;Antoine Lejoly Qu\u2019a-t-il manqu\u00e9 pour ramener un point du RWDM ? Nous avons manqu\u00e9 de r\u00e9alisme dans la zone de finition. Nous nous sommes pourtant cr\u00e9\u00e9s de nombreuses opportunit\u00e9s mais, dans ce type de match, il est essentiel de profiter de ses temps forts. Je pense que c\u2019est ce [&hellip;]<\/p>\n","protected":false},"author":12,"featured_media":27695,"comment_status":"closed","ping_status":"closed","sticky":false,"template":"","format":"standard","meta":{"iawp_total_views":4},"categories":[1,24],"tags":[],"_links":{"self":[{"href":"https:\/\/fcliege.be\/fr\/wp-json\/wp\/v2\/posts\/27104"}],"collection":[{"href":"https:\/\/fcliege.be\/fr\/wp-json\/wp\/v2\/posts"}],"about":[{"href":"https:\/\/fcliege.be\/fr\/wp-json\/wp\/v2\/types\/post"}],"author":[{"embeddable":true,"href":"https:\/\/fcliege.be\/fr\/wp-json\/wp\/v2\/users\/12"}],"replies":[{"embeddable":true,"href":"https:\/\/fcliege.be\/fr\/wp-json\/wp\/v2\/comments?post=27104"}],"version-history":[{"count":3,"href":"https:\/\/fcliege.be\/fr\/wp-json\/wp\/v2\/posts\/27104\/revisions"}],"predecessor-version":[{"id":27697,"href":"https:\/\/fcliege.be\/fr\/wp-json\/wp\/v2\/posts\/27104\/revisions\/27697"}],"wp:featuredmedia":[{"embeddable":true,"href":"https:\/\/fcliege.be\/fr\/wp-json\/wp\/v2\/media\/27695"}],"wp:attachment":[{"href":"https:\/\/fcliege.be\/fr\/wp-json\/wp\/v2\/media?parent=27104"}],"wp:term":[{"taxonomy":"category","embeddable":true,"href":"https:\/\/fcliege.be\/fr\/wp-json\/wp\/v2\/categories?post=27104"},{"taxonomy":"post_tag","embeddable":true,"href":"https:\/\/fcliege.be\/fr\/wp-json\/wp\/v2\/tags?post=27104"}],"curies":[{"name":"wp","href":"https:\/\/api.w.org\/{rel}","templated":true}]}}