{"id":27137,"date":"2024-11-23T12:00:00","date_gmt":"2024-11-23T10:00:00","guid":{"rendered":"https:\/\/fcliege.be\/fr\/?p=27137"},"modified":"2024-11-22T19:05:36","modified_gmt":"2024-11-22T17:05:36","slug":"interview-la-parole-a-midou-mouhli-4","status":"publish","type":"post","link":"https:\/\/fcliege.be\/fr\/interview-la-parole-a-midou-mouhli-4\/","title":{"rendered":"Interview | La parole \u00e0 Midou Mouhli"},"content":{"rendered":"\n<p><\/p>\n\n\n\n<h4 class=\"wp-block-heading\"><strong>L&rsquo;interview de la semaine en compagnie de Midou Mouhli<\/strong><\/h4>\n\n\n\n<p><strong>Au moment o\u00f9 tu as inscrit le but de la victoire face au RWMD, tu t\u2019es directement dirig\u00e9 vers le banc. Peux-tu nous expliquer pourquoi ?<\/strong><\/p>\n\n\n\n<p>Je me suis surtout dirig\u00e9 vers tout le groupe en g\u00e9n\u00e9ral. Ce but et cette victoire sont vraiment les fruits d\u2019un effort collectif, et c\u2019est pour cela que j\u2019ai d\u00e9cid\u00e9 de partager ce moment avec toute l\u2019\u00e9quipe. Nous sommes tr\u00e8s unis, et c\u2019est cette solidarit\u00e9 qui fait notre force.<\/p>\n\n\n\n<p><strong>Face au leader, le RFC Li\u00e8ge a cr\u00e9\u00e9 l\u2019exploit en prouvant qu\u2019il est difficile pour n\u2019importe quel club de venir s\u2019imposer \u00e0 Rocourt. Qu\u2019en penses-tu ?<\/strong><\/p>\n\n\n\n<p>Bien s\u00fbr, avec nos supporters, il y a une atmosph\u00e8re sp\u00e9ciale. Quand nous jouons \u00e0 domicile, nous avons l\u2019obligation de tout donner pour gagner chaque match, et c\u2019est ce que nous avons r\u00e9ussi \u00e0 faire face au RWDM.<\/p>\n\n\n\n<p><strong>Collectivement, ce match face au RWDM est-il le match r\u00e9f\u00e9rence dont l\u2019\u00e9quipe avait besoin ?<\/strong><\/p>\n\n\n\n<p>Oui, tout \u00e0 fait. Nous avons tous bien jou\u00e9, et tout s\u2019est parfaitement pass\u00e9 ce jour-l\u00e0. L\u2019ambiance \u00e9tait incroyable, et c\u2019est un match qui restera m\u00e9morable. Nous sommes tr\u00e8s heureux d\u2019avoir pu offrir cette victoire \u00e0 nos supporters.<\/p>\n\n\n\n<p><strong>Dimanche, Li\u00e8ge se d\u00e9placera au Patro, une \u00e9quipe connue pour son jeu physique. Il faudra r\u00e9pondre pr\u00e9sent d\u00e8s le d\u00e9but pour confirmer la bonne forme de l\u2019\u00e9quipe ?<\/strong><\/p>\n\n\n\n<p>En effet, le Patro est une \u00e9quipe tr\u00e8s physique, et nous sommes conscients qu\u2019il faudra r\u00e9pondre \u00e0 cet aspect du jeu pour esp\u00e9rer remporter les trois points. Nous voulons encha\u00eener une deuxi\u00e8me victoire d\u2019affil\u00e9e, et nous serons pr\u00eats \u00e0 relever le d\u00e9fi.<\/p>\n\n\n\n<figure class=\"wp-block-image size-large\"><img decoding=\"async\" loading=\"lazy\" width=\"1024\" height=\"1024\" src=\"https:\/\/fcliege.be\/fr\/wp-content\/uploads\/2024\/11\/midou-1024x1024.jpg\" alt=\"\" class=\"wp-image-27228\" srcset=\"https:\/\/fcliege.be\/fr\/wp-content\/uploads\/2024\/11\/midou-1024x1024.jpg 1024w, https:\/\/fcliege.be\/fr\/wp-content\/uploads\/2024\/11\/midou-300x300.jpg 300w, https:\/\/fcliege.be\/fr\/wp-content\/uploads\/2024\/11\/midou-150x150.jpg 150w, https:\/\/fcliege.be\/fr\/wp-content\/uploads\/2024\/11\/midou-768x768.jpg 768w, https:\/\/fcliege.be\/fr\/wp-content\/uploads\/2024\/11\/midou-1536x1536.jpg 1536w, https:\/\/fcliege.be\/fr\/wp-content\/uploads\/2024\/11\/midou.jpg 2000w\" sizes=\"(max-width: 1024px) 100vw, 1024px\" \/><\/figure>\n","protected":false},"excerpt":{"rendered":"<p>L&rsquo;interview de la semaine en compagnie de Midou Mouhli Au moment o\u00f9 tu as inscrit le but de la victoire face au RWMD, tu t\u2019es directement dirig\u00e9 vers le banc. Peux-tu nous expliquer pourquoi ? Je me suis surtout dirig\u00e9 vers tout le groupe en g\u00e9n\u00e9ral. Ce but et cette victoire sont vraiment les fruits [&hellip;]<\/p>\n","protected":false},"author":12,"featured_media":27224,"comment_status":"closed","ping_status":"closed","sticky":false,"template":"","format":"standard","meta":{"iawp_total_views":35},"categories":[1,24],"tags":[],"_links":{"self":[{"href":"https:\/\/fcliege.be\/fr\/wp-json\/wp\/v2\/posts\/27137"}],"collection":[{"href":"https:\/\/fcliege.be\/fr\/wp-json\/wp\/v2\/posts"}],"about":[{"href":"https:\/\/fcliege.be\/fr\/wp-json\/wp\/v2\/types\/post"}],"author":[{"embeddable":true,"href":"https:\/\/fcliege.be\/fr\/wp-json\/wp\/v2\/users\/12"}],"replies":[{"embeddable":true,"href":"https:\/\/fcliege.be\/fr\/wp-json\/wp\/v2\/comments?post=27137"}],"version-history":[{"count":4,"href":"https:\/\/fcliege.be\/fr\/wp-json\/wp\/v2\/posts\/27137\/revisions"}],"predecessor-version":[{"id":27229,"href":"https:\/\/fcliege.be\/fr\/wp-json\/wp\/v2\/posts\/27137\/revisions\/27229"}],"wp:featuredmedia":[{"embeddable":true,"href":"https:\/\/fcliege.be\/fr\/wp-json\/wp\/v2\/media\/27224"}],"wp:attachment":[{"href":"https:\/\/fcliege.be\/fr\/wp-json\/wp\/v2\/media?parent=27137"}],"wp:term":[{"taxonomy":"category","embeddable":true,"href":"https:\/\/fcliege.be\/fr\/wp-json\/wp\/v2\/categories?post=27137"},{"taxonomy":"post_tag","embeddable":true,"href":"https:\/\/fcliege.be\/fr\/wp-json\/wp\/v2\/tags?post=27137"}],"curies":[{"name":"wp","href":"https:\/\/api.w.org\/{rel}","templated":true}]}}