{"id":27217,"date":"2024-11-28T15:05:27","date_gmt":"2024-11-28T13:05:27","guid":{"rendered":"https:\/\/fcliege.be\/fr\/?p=27217"},"modified":"2024-11-28T15:05:27","modified_gmt":"2024-11-28T13:05:27","slug":"u19-victoire-en-coupe-de-belgique","status":"publish","type":"post","link":"https:\/\/fcliege.be\/fr\/u19-victoire-en-coupe-de-belgique\/","title":{"rendered":"U19 | Victoire en coupe de Belgique"},"content":{"rendered":"\n<p><\/p>\n\n\n\n<p><strong>Coupe de Belgique U21 : victoire importante \u00e0 Charleroi<\/strong>.<\/p>\n\n\n\n<p>Ce mardi soir, les U19A du RFC Li\u00e8ge se d\u00e9pla\u00e7aient au Sporting de Charleroi dans le cadre de la Coupe de Belgique Pro League U21. Cette rencontre rev\u00eatait une importance capitale, Li\u00e8ge occupant la t\u00eate de son groupe devant Saint-Trond, le Standard, Charleroi et Eupen.<\/p>\n\n\n\n<p>Avec l&rsquo;ambition de consolider cette position, l&rsquo;\u00e9quipe entame le match avec intensit\u00e9. D\u00e8s la 4e minute, Baiocchi voit sa frappe heurter le poteau, donnant le ton d\u2019une premi\u00e8re mi-temps largement domin\u00e9e par les Li\u00e9geois. \u00c0 la 25e minute, Gargano ouvre le score d\u2019une frappe crois\u00e9e m\u00e9rit\u00e9e. Plusieurs occasions, notamment par Bokoto, Gargano et Kaba, auraient pu alourdir le score avant la pause, mais le manque de r\u00e9alisme laisse le suspense intact.<\/p>\n\n\n\n<p>En seconde p\u00e9riode, Charleroi, alignant six joueurs de son noyau U23, monte en agressivit\u00e9 et tente de renverser la situation. Gr\u00e2ce \u00e0 une organisation solide et une d\u00e9fense sans faille, Li\u00e8ge garde le contr\u00f4le malgr\u00e9 quelques frissons. Sur une reconversion rapide, Yagmur manque de peu le 0-2, qui aurait permis une fin de match plus tranquille.<\/p>\n\n\n\n<p>Le coup de sifflet final scelle une victoire pr\u00e9cieuse 0-1, fruit d\u2019un travail collectif rigoureux. Ce succ\u00e8s renforce la position de Li\u00e8ge en t\u00eate du groupe avec 13 points sur 18 possibles. Une victoire contre le Standard, lors de la prochaine rencontre le 3 d\u00e9cembre, assurerait la qualification en 1\/8 de finale, une r\u00e9compense m\u00e9rit\u00e9e pour un groupe qui s\u2019investit pleinement malgr\u00e9 un calendrier charg\u00e9.<\/p>\n\n\n\n<p><strong>Composition<\/strong> : Mpenza, Glisenti, Van Zuylen, Moreau, Dethier (75\u2019 Sambar\u00e9), Konate, Baiocchi (80\u2019 Mottet), Kaba (45\u2019 Yagmur), Bokoto (64\u2019 Di Prima), Gargano (80\u2019 Mendolia).<\/p>\n","protected":false},"excerpt":{"rendered":"<p>Coupe de Belgique U21 : victoire importante \u00e0 Charleroi. Ce mardi soir, les U19A du RFC Li\u00e8ge se d\u00e9pla\u00e7aient au Sporting de Charleroi dans le cadre de la Coupe de Belgique Pro League U21. Cette rencontre rev\u00eatait une importance capitale, Li\u00e8ge occupant la t\u00eate de son groupe devant Saint-Trond, le Standard, Charleroi et Eupen. Avec [&hellip;]<\/p>\n","protected":false},"author":12,"featured_media":27278,"comment_status":"closed","ping_status":"closed","sticky":false,"template":"","format":"standard","meta":{"iawp_total_views":9},"categories":[24,23],"tags":[],"_links":{"self":[{"href":"https:\/\/fcliege.be\/fr\/wp-json\/wp\/v2\/posts\/27217"}],"collection":[{"href":"https:\/\/fcliege.be\/fr\/wp-json\/wp\/v2\/posts"}],"about":[{"href":"https:\/\/fcliege.be\/fr\/wp-json\/wp\/v2\/types\/post"}],"author":[{"embeddable":true,"href":"https:\/\/fcliege.be\/fr\/wp-json\/wp\/v2\/users\/12"}],"replies":[{"embeddable":true,"href":"https:\/\/fcliege.be\/fr\/wp-json\/wp\/v2\/comments?post=27217"}],"version-history":[{"count":4,"href":"https:\/\/fcliege.be\/fr\/wp-json\/wp\/v2\/posts\/27217\/revisions"}],"predecessor-version":[{"id":27279,"href":"https:\/\/fcliege.be\/fr\/wp-json\/wp\/v2\/posts\/27217\/revisions\/27279"}],"wp:featuredmedia":[{"embeddable":true,"href":"https:\/\/fcliege.be\/fr\/wp-json\/wp\/v2\/media\/27278"}],"wp:attachment":[{"href":"https:\/\/fcliege.be\/fr\/wp-json\/wp\/v2\/media?parent=27217"}],"wp:term":[{"taxonomy":"category","embeddable":true,"href":"https:\/\/fcliege.be\/fr\/wp-json\/wp\/v2\/categories?post=27217"},{"taxonomy":"post_tag","embeddable":true,"href":"https:\/\/fcliege.be\/fr\/wp-json\/wp\/v2\/tags?post=27217"}],"curies":[{"name":"wp","href":"https:\/\/api.w.org\/{rel}","templated":true}]}}