{"id":27262,"date":"2024-12-09T19:51:31","date_gmt":"2024-12-09T18:51:31","guid":{"rendered":"https:\/\/fcliege.be\/fr\/?p=27262"},"modified":"2024-12-09T19:53:34","modified_gmt":"2024-12-09T18:53:34","slug":"fan-talk-le-16-12-a-18h","status":"publish","type":"post","link":"https:\/\/fcliege.be\/fr\/fan-talk-le-16-12-a-18h\/","title":{"rendered":"Fan talk le 16\/12 (sur inscription)"},"content":{"rendered":"\n<p><\/p>\n\n\n\n<h4 class=\"wp-block-heading\"><strong>Le prochain rendez-vous des supporters et de la direction se tiendra le lundi 16 d\u00e9cembre \u00e0 18h \u00e0 Rocourt. \u00c0 vos agendas !<\/strong><\/h4>\n\n\n\n<p>Pour rappel, l&rsquo;\u00e9v\u00e9nement est r\u00e9serv\u00e9 aux abonn\u00e9s du club. Il se d\u00e9roulera en pr\u00e9sence de <strong>David Kirsch<\/strong>, <strong>Jean-Paul Lacomble<\/strong>, <strong>Pierre Fran\u00e7ois<\/strong> et<strong> Ga\u00ebtan Englebert<\/strong>.<\/p>\n\n\n\n<p><a href=\"https:\/\/docs.google.com\/forms\/d\/e\/1FAIpQLSdxh7Np58KaF6dqmVE0oJHMUI4WF7HqdglmEbl7DUe3R7Y3VQ\/viewform\" target=\"_blank\" rel=\"noreferrer noopener\"><strong>&gt; L&rsquo;inscription est obligatoire via NOTRE FORMULAIRE.<\/strong><\/a><\/p>\n","protected":false},"excerpt":{"rendered":"<p>Le prochain rendez-vous des supporters et de la direction se tiendra le lundi 16 d\u00e9cembre \u00e0 18h \u00e0 Rocourt. \u00c0 vos agendas ! Pour rappel, l&rsquo;\u00e9v\u00e9nement est r\u00e9serv\u00e9 aux abonn\u00e9s du club. Il se d\u00e9roulera en pr\u00e9sence de David Kirsch, Jean-Paul Lacomble, Pierre Fran\u00e7ois et Ga\u00ebtan Englebert. &gt; L&rsquo;inscription est obligatoire via NOTRE FORMULAIRE.<\/p>\n","protected":false},"author":12,"featured_media":27263,"comment_status":"closed","ping_status":"closed","sticky":false,"template":"","format":"standard","meta":{"iawp_total_views":3},"categories":[24,28],"tags":[],"_links":{"self":[{"href":"https:\/\/fcliege.be\/fr\/wp-json\/wp\/v2\/posts\/27262"}],"collection":[{"href":"https:\/\/fcliege.be\/fr\/wp-json\/wp\/v2\/posts"}],"about":[{"href":"https:\/\/fcliege.be\/fr\/wp-json\/wp\/v2\/types\/post"}],"author":[{"embeddable":true,"href":"https:\/\/fcliege.be\/fr\/wp-json\/wp\/v2\/users\/12"}],"replies":[{"embeddable":true,"href":"https:\/\/fcliege.be\/fr\/wp-json\/wp\/v2\/comments?post=27262"}],"version-history":[{"count":9,"href":"https:\/\/fcliege.be\/fr\/wp-json\/wp\/v2\/posts\/27262\/revisions"}],"predecessor-version":[{"id":27414,"href":"https:\/\/fcliege.be\/fr\/wp-json\/wp\/v2\/posts\/27262\/revisions\/27414"}],"wp:featuredmedia":[{"embeddable":true,"href":"https:\/\/fcliege.be\/fr\/wp-json\/wp\/v2\/media\/27263"}],"wp:attachment":[{"href":"https:\/\/fcliege.be\/fr\/wp-json\/wp\/v2\/media?parent=27262"}],"wp:term":[{"taxonomy":"category","embeddable":true,"href":"https:\/\/fcliege.be\/fr\/wp-json\/wp\/v2\/categories?post=27262"},{"taxonomy":"post_tag","embeddable":true,"href":"https:\/\/fcliege.be\/fr\/wp-json\/wp\/v2\/tags?post=27262"}],"curies":[{"name":"wp","href":"https:\/\/api.w.org\/{rel}","templated":true}]}}