{"id":27446,"date":"2024-12-16T19:39:03","date_gmt":"2024-12-16T18:39:03","guid":{"rendered":"https:\/\/fcliege.be\/fr\/?p=27446"},"modified":"2024-12-16T19:39:03","modified_gmt":"2024-12-16T18:39:03","slug":"rfcl-cyber-harcelement","status":"publish","type":"post","link":"https:\/\/fcliege.be\/fr\/rfcl-cyber-harcelement\/","title":{"rendered":"RFCL | Cyber-harc\u00e8lement"},"content":{"rendered":"\n<p><\/p>\n\n\n\n<h4 class=\"wp-block-heading\"><strong>Pour lutter contre le cyber-harc\u00e8lement, les commentaires sont d\u00e9sactiv\u00e9s sur la page Facebook du RFC Li\u00e8ge.<\/strong><\/h4>\n\n\n\n<p><strong>RFCL-RWDM. 92e minute. Le goal de la victoire. Un stade qui explose. Une communion incroyable entre nos fans et notre \u00e9quipe qui a tout donn\u00e9. \u00c7a, c\u2019est le RFC Li\u00e8ge.<\/strong><\/p>\n\n\n\n<p><strong>Patro-RFCL\u2026 Lierse-RFCL\u2026 Des d\u00e9faites qui ont chacune leur histoire. Des centaines de commentaires n\u00e9gatifs sur Facebook. Insultes, vulgarit\u00e9s, m\u00e9pris\u2026 \u00c7a, c\u2019est aussi le RFC Li\u00e8ge ?<\/strong><\/p>\n\n\n\n<p><strong>Depuis de nombreux mois, malgr\u00e9 le retour dans le football professionnel, malgr\u00e9 plusieurs performances exceptionnelles, malgr\u00e9 l\u2019\u00e9volution constante du RFCL, \u2026 la page Facebook du club est devenue un d\u00e9fouloir et un lieu de cyber-harc\u00e8lement.<\/strong><\/p>\n\n\n\n<p>Ce fl\u00e9au n\u2019est, bien s\u00fbr, pas propre au matricule 4. Il est cependant devenu habituel, presque normal, dans le monde du football\u2026<\/p>\n\n\n\n<p>&#8211; Le 16 novembre 2024, la FIFA a publi\u00e9 des chiffres sur son service de mod\u00e9ration sur les r\u00e9seaux sociaux : depuis son lancement, 6,4 millions de posts ont \u00e9t\u00e9 masqu\u00e9s et 35 533 commentaires ont \u00e9t\u00e9 signal\u00e9s aux plateformes concern\u00e9es.<\/p>\n\n\n\n<p>&#8211; Plus de 20% des joueuses ayant particip\u00e9 au Mondial 2023 ont \u00e9t\u00e9 victimes de cyberharc\u00e8lement.<\/p>\n\n\n\n<p>&#8211; D\u2019apr\u00e8s une enqu\u00eate de la FIFPRO en 2022 : 90% des footballeurs d\u00e9clarent avoir vu des co\u00e9quipiers ou eux-m\u00eames subir des attaques en ligne<\/p>\n\n\n\n<p>&#8211; A l\u2019Euro 2020, Marcus Rashford, Jadon Sancho et Bukayo Saka ont \u00e9t\u00e9 victimes de plus de 12 500 tweets haineux<\/p>\n\n\n\n<p>&#8211; En 2021, m\u00eame Zlatan Ibrahimovic a d\u00e9clar\u00e9 r\u00e9duire son activit\u00e9 en ligne pour limiter les attaques;<\/p>\n\n\n\n<p>&#8211; &#8230;<\/p>\n\n\n\n<p><strong>Le harc\u00e8lement c\u2019est quoi ? Un comportement qui se caract\u00e9rise par une pression exerc\u00e9e par un individu ou groupe d\u2019individus sur autrui, se traduisant par un comportement insistant et\/ou des propos malveillants le plus souvent r\u00e9p\u00e9t\u00e9s.<\/strong><\/p>\n\n\n\n<p>Le cyber-harc\u00e8lement, ou \u201charc\u00e8lement num\u00e9rique\u201d se pratique via les t\u00e9l\u00e9phones portables, messageries instantan\u00e9es, forums, chats, jeux en lignes, courriers \u00e9lectroniques ou encore via les r\u00e9seaux sociaux, et ce avec une diffusion massive qui peut toucher un tr\u00e8s large public.<\/p>\n\n\n\n<p><strong>Aujourd\u2019hui, on peut consid\u00e9rer qu\u2019\u00e9norm\u00e9ment de personnalit\u00e9s sportives sont victimes de cyber-harc\u00e8lement, dont plusieurs membres du RFC Li\u00e8ge.<\/strong> Dans un club proche de son public, ces comportements peuvent avoir un impact n\u00e9gatif rapide et significatif sur le niveau, mais surtout sur la sant\u00e9, des membres du club.<\/p>\n\n\n\n<p>Le club, conscient des enjeux li\u00e9s au cyber-harc\u00e8lement, a d\u00e9j\u00e0 pris des mesures en sensibilisant les jeunes joueurs de l&rsquo;\u00c9cole des jeunes. \u00c0 cet effet, des conf\u00e9rences ont \u00e9t\u00e9 organis\u00e9es en collaboration avec le SECCO, le Service de lutte contre toutes les formes de violence cr\u00e9\u00e9 par la Ville de Li\u00e8ge.<\/p>\n\n\n\n<p>La majorit\u00e9 des supporters Sang et Marine, positive et mod\u00e9r\u00e9e, est \u00e9galement impact\u00e9e. Il n\u2019est pas rare de voir un supporter poster un commentaire positif et recevoir des r\u00e9ponses n\u00e9gatives, m\u00e9prisantes voire pire. Cela amplifie le ph\u00e9nom\u00e8ne de majorit\u00e9 positive silencieuse.<\/p>\n\n\n\n<p>Le renouvellement d\u2019un abonnement ? Venir au RFCL en famille ? Associer l\u2019image de son entreprise \u00e0 celle du club ? Ce sont aussi des questions dont la r\u00e9ponse peut \u00eatre influenc\u00e9e par ces d\u00e9rives.<\/p>\n\n\n\n<p>Le RFC Li\u00e8ge croit profond\u00e9ment en la passion et en l\u2019unit\u00e9 de ses supporters. Mais cette passion ne doit jamais se transformer en violence, qu\u2019elle soit verbale ou num\u00e9rique. Le club doit rester un lieu convivial, familial et de d\u00e9tente, au stade comme sur ses m\u00e9dias.<\/p>\n\n\n\n<p><strong>La page Facebook du club sera d\u00e9sormais uniquement un canal de communication externe. Les commentaires n\u2019y seront plus autoris\u00e9s.<\/strong> \u00c0 l\u2019avenir, le club privil\u00e9giera des \u00e9changes en face-\u00e0-face avec l\u2019organisation de Fan Talks, qui seront propos\u00e9s plus r\u00e9guli\u00e8rement afin de maintenir un dialogue constructif et direct avec les supporters.<\/p>\n\n\n\n<p>Nous appelons chacun \u00e0 prendre part \u00e0 ce combat contre le cyber-harc\u00e8lement, afin de b\u00e2tir ensemble un RFC Li\u00e8ge respectueux et exemplaire, sur et hors du terrain.<\/p>\n","protected":false},"excerpt":{"rendered":"<p>Pour lutter contre le cyber-harc\u00e8lement, les commentaires sont d\u00e9sactiv\u00e9s sur la page Facebook du RFC Li\u00e8ge. RFCL-RWDM. 92e minute. Le goal de la victoire. Un stade qui explose. Une communion incroyable entre nos fans et notre \u00e9quipe qui a tout donn\u00e9. \u00c7a, c\u2019est le RFC Li\u00e8ge. Patro-RFCL\u2026 Lierse-RFCL\u2026 Des d\u00e9faites qui ont chacune leur histoire. [&hellip;]<\/p>\n","protected":false},"author":12,"featured_media":27456,"comment_status":"closed","ping_status":"closed","sticky":false,"template":"","format":"standard","meta":{"iawp_total_views":2},"categories":[1,24],"tags":[],"_links":{"self":[{"href":"https:\/\/fcliege.be\/fr\/wp-json\/wp\/v2\/posts\/27446"}],"collection":[{"href":"https:\/\/fcliege.be\/fr\/wp-json\/wp\/v2\/posts"}],"about":[{"href":"https:\/\/fcliege.be\/fr\/wp-json\/wp\/v2\/types\/post"}],"author":[{"embeddable":true,"href":"https:\/\/fcliege.be\/fr\/wp-json\/wp\/v2\/users\/12"}],"replies":[{"embeddable":true,"href":"https:\/\/fcliege.be\/fr\/wp-json\/wp\/v2\/comments?post=27446"}],"version-history":[{"count":16,"href":"https:\/\/fcliege.be\/fr\/wp-json\/wp\/v2\/posts\/27446\/revisions"}],"predecessor-version":[{"id":27466,"href":"https:\/\/fcliege.be\/fr\/wp-json\/wp\/v2\/posts\/27446\/revisions\/27466"}],"wp:featuredmedia":[{"embeddable":true,"href":"https:\/\/fcliege.be\/fr\/wp-json\/wp\/v2\/media\/27456"}],"wp:attachment":[{"href":"https:\/\/fcliege.be\/fr\/wp-json\/wp\/v2\/media?parent=27446"}],"wp:term":[{"taxonomy":"category","embeddable":true,"href":"https:\/\/fcliege.be\/fr\/wp-json\/wp\/v2\/categories?post=27446"},{"taxonomy":"post_tag","embeddable":true,"href":"https:\/\/fcliege.be\/fr\/wp-json\/wp\/v2\/tags?post=27446"}],"curies":[{"name":"wp","href":"https:\/\/api.w.org\/{rel}","templated":true}]}}