{"id":27575,"date":"2024-12-24T11:43:47","date_gmt":"2024-12-24T10:43:47","guid":{"rendered":"https:\/\/fcliege.be\/fr\/?p=27575"},"modified":"2024-12-31T02:11:43","modified_gmt":"2024-12-31T01:11:43","slug":"deces-de-philippe-melon","status":"publish","type":"post","link":"https:\/\/fcliege.be\/fr\/deces-de-philippe-melon\/","title":{"rendered":"D\u00e9c\u00e8s de Philippe Melon"},"content":{"rendered":"\n<p><\/p>\n\n\n\n<h4 class=\"wp-block-heading\"><strong>Les f\u00eates de fin d\u2019ann\u00e9e du RFCL sont endeuill\u00e9es par le d\u00e9c\u00e8s soudain ce 22 d\u00e9cembre de Philippe Melon.<\/strong><\/h4>\n\n\n\n<p>Fid\u00e8le supporter de longue date des Sang et Marine, Philippe venait de prendre sa retraite comme DRH et avait accept\u00e9 de se consacrer aux c\u00f4t\u00e9s de notre CQ au secr\u00e9tariat de notre Ecole des jeunes.<\/p>\n\n\n\n<p>Il g\u00e9rait aussi les dossiers d\u2019assurances du club. Dimanche encore, il a pass\u00e9 sa matin\u00e9e \u00e0 envoyer aux personnes concern\u00e9es au sein du club plusieurs mails. Son d\u00e9part nous attriste tous \u00e0 Rocourt !<\/p>\n\n\n\n<p>Le RFCL pr\u00e9sente \u00e0 sa famille toutes ses condol\u00e9ances et organisera un hommage \u00e0 sa m\u00e9moire lors du prochain match home de notre \u00e9quipe premi\u00e8re.<\/p>\n\n\n\n<p><strong>Visites <\/strong>: mercredi 25 et jeudi 26 de 17 \u00e0 19h au fun\u00e9rarium \u00ab\u00a0Les Mosanes\u00a0\u00bb rue de la Station 40 \u00e0 Awans<br><strong>Fun\u00e9railles <\/strong>: vendredi 27 \u00e0 10h \u00e0 l\u2019Eglise Ste-Agathe \u00e0 Awans<\/p>\n\n\n\n<p><a rel=\"noreferrer noopener\" href=\"https:\/\/forms.gle\/7i2UkP1DGnyGVWPD9\" target=\"_blank\"><strong>&gt; Le RFCL a mis en place un REGISTRE DE CONDOL\u00c9ANCES : EN LIGNE<\/strong><\/a><\/p>\n\n\n\n<figure class=\"wp-block-image size-large\"><img decoding=\"async\" loading=\"lazy\" width=\"1024\" height=\"1024\" src=\"https:\/\/fcliege.be\/fr\/wp-content\/uploads\/2024\/12\/Deces-1024x1024.jpg\" alt=\"\" class=\"wp-image-27576\" srcset=\"https:\/\/fcliege.be\/fr\/wp-content\/uploads\/2024\/12\/Deces-1024x1024.jpg 1024w, https:\/\/fcliege.be\/fr\/wp-content\/uploads\/2024\/12\/Deces-300x300.jpg 300w, https:\/\/fcliege.be\/fr\/wp-content\/uploads\/2024\/12\/Deces-150x150.jpg 150w, https:\/\/fcliege.be\/fr\/wp-content\/uploads\/2024\/12\/Deces-768x768.jpg 768w, https:\/\/fcliege.be\/fr\/wp-content\/uploads\/2024\/12\/Deces-1536x1536.jpg 1536w, https:\/\/fcliege.be\/fr\/wp-content\/uploads\/2024\/12\/Deces.jpg 2000w\" sizes=\"(max-width: 1024px) 100vw, 1024px\" \/><\/figure>\n","protected":false},"excerpt":{"rendered":"<p>Les f\u00eates de fin d\u2019ann\u00e9e du RFCL sont endeuill\u00e9es par le d\u00e9c\u00e8s soudain ce 22 d\u00e9cembre de Philippe Melon. Fid\u00e8le supporter de longue date des Sang et Marine, Philippe venait de prendre sa retraite comme DRH et avait accept\u00e9 de se consacrer aux c\u00f4t\u00e9s de notre CQ au secr\u00e9tariat de notre Ecole des jeunes. Il [&hellip;]<\/p>\n","protected":false},"author":12,"featured_media":17678,"comment_status":"closed","ping_status":"closed","sticky":false,"template":"","format":"standard","meta":{"iawp_total_views":23},"categories":[1],"tags":[],"_links":{"self":[{"href":"https:\/\/fcliege.be\/fr\/wp-json\/wp\/v2\/posts\/27575"}],"collection":[{"href":"https:\/\/fcliege.be\/fr\/wp-json\/wp\/v2\/posts"}],"about":[{"href":"https:\/\/fcliege.be\/fr\/wp-json\/wp\/v2\/types\/post"}],"author":[{"embeddable":true,"href":"https:\/\/fcliege.be\/fr\/wp-json\/wp\/v2\/users\/12"}],"replies":[{"embeddable":true,"href":"https:\/\/fcliege.be\/fr\/wp-json\/wp\/v2\/comments?post=27575"}],"version-history":[{"count":7,"href":"https:\/\/fcliege.be\/fr\/wp-json\/wp\/v2\/posts\/27575\/revisions"}],"predecessor-version":[{"id":27587,"href":"https:\/\/fcliege.be\/fr\/wp-json\/wp\/v2\/posts\/27575\/revisions\/27587"}],"wp:featuredmedia":[{"embeddable":true,"href":"https:\/\/fcliege.be\/fr\/wp-json\/wp\/v2\/media\/17678"}],"wp:attachment":[{"href":"https:\/\/fcliege.be\/fr\/wp-json\/wp\/v2\/media?parent=27575"}],"wp:term":[{"taxonomy":"category","embeddable":true,"href":"https:\/\/fcliege.be\/fr\/wp-json\/wp\/v2\/categories?post=27575"},{"taxonomy":"post_tag","embeddable":true,"href":"https:\/\/fcliege.be\/fr\/wp-json\/wp\/v2\/tags?post=27575"}],"curies":[{"name":"wp","href":"https:\/\/api.w.org\/{rel}","templated":true}]}}