{"id":27599,"date":"2024-12-28T20:31:32","date_gmt":"2024-12-28T19:31:32","guid":{"rendered":"https:\/\/fcliege.be\/fr\/?p=27599"},"modified":"2024-12-29T00:13:13","modified_gmt":"2024-12-28T23:13:13","slug":"deces-demile-lejeune","status":"publish","type":"post","link":"https:\/\/fcliege.be\/fr\/deces-demile-lejeune\/","title":{"rendered":"D\u00e9c\u00e8s d&rsquo;\u00c9mile Lejeune"},"content":{"rendered":"\n<p><\/p>\n\n\n\n<h4 class=\"wp-block-heading\"><strong>Figure marquante du RFCL et du football wallon, ancien Diable rouge, Emile Lejeune est d\u00e9c\u00e9d\u00e9 ce samedi \u00e0 l&rsquo;\u00e2ge de 86 ans.<\/strong><\/h4>\n\n\n\n<p>Stopper-lib\u00e9ro, <strong>Emile Lejeune<\/strong> totalise 10 caps en \u00e9quipe nationale et 276 matches en D1 avec Li\u00e8ge de 1959 \u00e0 1971. Il a aussi \u00e9t\u00e9 l\u2019adjoint de <strong>Robert Waseige <\/strong>\u00e0 Rocourt, entre autres fonctions au sein du club.<\/p>\n\n\n\n<p>Il a notamment \u00e9t\u00e9 vice-champion avec le RFC Li\u00e8ge en 1961 et demi-finaliste de la Coupe d&rsquo;Europe des Villes de Foire contre Saragosse en 1964. Nous perdons l&rsquo;une de nos l\u00e9gendes.<\/p>\n\n\n\n<p>Nous pr\u00e9sentons nos sinc\u00e8res condol\u00e9ances \u00e0 la famille d&rsquo;Emile et \u00e0 ses proches.<\/p>\n\n\n\n<figure class=\"wp-block-image size-full\"><img decoding=\"async\" loading=\"lazy\" width=\"960\" height=\"646\" src=\"https:\/\/fcliege.be\/fr\/wp-content\/uploads\/2024\/12\/1962-1963.jpg\" alt=\"\" class=\"wp-image-27611\" srcset=\"https:\/\/fcliege.be\/fr\/wp-content\/uploads\/2024\/12\/1962-1963.jpg 960w, https:\/\/fcliege.be\/fr\/wp-content\/uploads\/2024\/12\/1962-1963-300x202.jpg 300w, https:\/\/fcliege.be\/fr\/wp-content\/uploads\/2024\/12\/1962-1963-768x517.jpg 768w\" sizes=\"(max-width: 960px) 100vw, 960px\" \/><\/figure>\n","protected":false},"excerpt":{"rendered":"<p>Figure marquante du RFCL et du football wallon, ancien Diable rouge, Emile Lejeune est d\u00e9c\u00e9d\u00e9 ce samedi \u00e0 l&rsquo;\u00e2ge de 86 ans. Stopper-lib\u00e9ro, Emile Lejeune totalise 10 caps en \u00e9quipe nationale et 276 matches en D1 avec Li\u00e8ge de 1959 \u00e0 1971. Il a aussi \u00e9t\u00e9 l\u2019adjoint de Robert Waseige \u00e0 Rocourt, entre autres fonctions [&hellip;]<\/p>\n","protected":false},"author":12,"featured_media":27600,"comment_status":"closed","ping_status":"closed","sticky":false,"template":"","format":"standard","meta":{"iawp_total_views":13},"categories":[1,24],"tags":[],"_links":{"self":[{"href":"https:\/\/fcliege.be\/fr\/wp-json\/wp\/v2\/posts\/27599"}],"collection":[{"href":"https:\/\/fcliege.be\/fr\/wp-json\/wp\/v2\/posts"}],"about":[{"href":"https:\/\/fcliege.be\/fr\/wp-json\/wp\/v2\/types\/post"}],"author":[{"embeddable":true,"href":"https:\/\/fcliege.be\/fr\/wp-json\/wp\/v2\/users\/12"}],"replies":[{"embeddable":true,"href":"https:\/\/fcliege.be\/fr\/wp-json\/wp\/v2\/comments?post=27599"}],"version-history":[{"count":11,"href":"https:\/\/fcliege.be\/fr\/wp-json\/wp\/v2\/posts\/27599\/revisions"}],"predecessor-version":[{"id":27612,"href":"https:\/\/fcliege.be\/fr\/wp-json\/wp\/v2\/posts\/27599\/revisions\/27612"}],"wp:featuredmedia":[{"embeddable":true,"href":"https:\/\/fcliege.be\/fr\/wp-json\/wp\/v2\/media\/27600"}],"wp:attachment":[{"href":"https:\/\/fcliege.be\/fr\/wp-json\/wp\/v2\/media?parent=27599"}],"wp:term":[{"taxonomy":"category","embeddable":true,"href":"https:\/\/fcliege.be\/fr\/wp-json\/wp\/v2\/categories?post=27599"},{"taxonomy":"post_tag","embeddable":true,"href":"https:\/\/fcliege.be\/fr\/wp-json\/wp\/v2\/tags?post=27599"}],"curies":[{"name":"wp","href":"https:\/\/api.w.org\/{rel}","templated":true}]}}