{"id":27678,"date":"2025-01-16T16:26:36","date_gmt":"2025-01-16T15:26:36","guid":{"rendered":"https:\/\/fcliege.be\/fr\/?p=27678"},"modified":"2025-01-16T16:26:55","modified_gmt":"2025-01-16T15:26:55","slug":"un-nouvel-elan-pour-le-rfc-liege","status":"publish","type":"post","link":"https:\/\/fcliege.be\/fr\/un-nouvel-elan-pour-le-rfc-liege\/","title":{"rendered":"Un nouvel \u00e9lan pour le RFC Li\u00e8ge"},"content":{"rendered":"\n<p><\/p>\n\n\n\n<h4 class=\"wp-block-heading\"><strong>Un nouvel \u00e9lan pour le RFC Li\u00e8ge : am\u00e9liorer l&rsquo;exp\u00e9rience au stade et renforcer les liens avec la communaut\u00e9<\/strong>.<\/h4>\n\n\n\n<p>Apr\u00e8s un an \u00e0 la t\u00eate du RFC Li\u00e8ge, les propri\u00e9taires am\u00e9ricains entament une nouvelle phase de d\u00e9veloppement ax\u00e9e sur l&rsquo;am\u00e9lioration de l&rsquo;exp\u00e9rience des fans et le renforcement de l&rsquo;engagement communautaire du club. Pour soutenir cette initiative, <strong>Micha\u00ebl Falcone<\/strong>, consultant am\u00e9ricain, a int\u00e9gr\u00e9 l&rsquo;\u00e9quipe administrative ce samedi pour une mission initiale de quatre mois. Son r\u00f4le sera d&rsquo;optimiser l&rsquo;exp\u00e9rience des supporters et de favoriser des initiatives locales.<\/p>\n\n\n\n<p>Dans cette optique, Micha\u00ebl et les propri\u00e9taires souhaitent multiplier les collaborations avec les associations locales. L&rsquo;objectif est d&rsquo;encourager les \u00e9changes et d&rsquo;offrir un soutien concret, notamment \u00e0 travers des dons de billets, des opportunit\u00e9s de collecte de fonds, et des actions telles que la participation de nos joueurs \u00e0 des s\u00e9minaires \u00e9ducatifs.<\/p>\n\n\n\n<p>Le RFC Li\u00e8ge esp\u00e8re voir encore davantage d&rsquo;initiatives avec les associations li\u00e9geoises lors des rencontres \u00e0 domicile. <em>\u00ab\u00a0C&rsquo;est un honneur de faire partie d&rsquo;un club aussi historique dans une ville incroyable. Quitter l&rsquo;Am\u00e9rique n&rsquo;a pas \u00e9t\u00e9 une d\u00e9cision facile, mais je crois au potentiel du RFC Li\u00e8ge. J&rsquo;ai h\u00e2te d&rsquo;apprendre le plus possible et de rencontrer les personnes qui font la grandeur de Li\u00e8ge\u00a0\u00bb<\/em>, a d\u00e9clar\u00e9 Micha\u00ebl Falcone.<\/p>\n\n\n\n<p>L\u2019\u00e9quipe et le staff continuent de travailler intens\u00e9ment pour terminer la saison 2024\/25 sur une note positive et pour offrir aux supporters des moments festifs au stade. Cette nouvelle dynamique s\u2019inscrit \u00e9galement dans une pr\u00e9paration active pour la saison 2025\/2026. Ensemble, le club ambitionne de progresser tant sur le terrain qu&rsquo;en dehors.<\/p>\n\n\n\n<p>Pour en savoir plus ou pour participer \u00e0 ces initiatives, contactez <a href=\"mailto:communication@fcliege.be\" target=\"_blank\" rel=\"noreferrer noopener\">communication@fcliege.be<\/a>.<\/p>\n","protected":false},"excerpt":{"rendered":"<p>Un nouvel \u00e9lan pour le RFC Li\u00e8ge : am\u00e9liorer l&rsquo;exp\u00e9rience au stade et renforcer les liens avec la communaut\u00e9. Apr\u00e8s un an \u00e0 la t\u00eate du RFC Li\u00e8ge, les propri\u00e9taires am\u00e9ricains entament une nouvelle phase de d\u00e9veloppement ax\u00e9e sur l&rsquo;am\u00e9lioration de l&rsquo;exp\u00e9rience des fans et le renforcement de l&rsquo;engagement communautaire du club. Pour soutenir cette [&hellip;]<\/p>\n","protected":false},"author":12,"featured_media":27679,"comment_status":"closed","ping_status":"closed","sticky":false,"template":"","format":"standard","meta":{"iawp_total_views":38},"categories":[1,24],"tags":[],"_links":{"self":[{"href":"https:\/\/fcliege.be\/fr\/wp-json\/wp\/v2\/posts\/27678"}],"collection":[{"href":"https:\/\/fcliege.be\/fr\/wp-json\/wp\/v2\/posts"}],"about":[{"href":"https:\/\/fcliege.be\/fr\/wp-json\/wp\/v2\/types\/post"}],"author":[{"embeddable":true,"href":"https:\/\/fcliege.be\/fr\/wp-json\/wp\/v2\/users\/12"}],"replies":[{"embeddable":true,"href":"https:\/\/fcliege.be\/fr\/wp-json\/wp\/v2\/comments?post=27678"}],"version-history":[{"count":4,"href":"https:\/\/fcliege.be\/fr\/wp-json\/wp\/v2\/posts\/27678\/revisions"}],"predecessor-version":[{"id":27683,"href":"https:\/\/fcliege.be\/fr\/wp-json\/wp\/v2\/posts\/27678\/revisions\/27683"}],"wp:featuredmedia":[{"embeddable":true,"href":"https:\/\/fcliege.be\/fr\/wp-json\/wp\/v2\/media\/27679"}],"wp:attachment":[{"href":"https:\/\/fcliege.be\/fr\/wp-json\/wp\/v2\/media?parent=27678"}],"wp:term":[{"taxonomy":"category","embeddable":true,"href":"https:\/\/fcliege.be\/fr\/wp-json\/wp\/v2\/categories?post=27678"},{"taxonomy":"post_tag","embeddable":true,"href":"https:\/\/fcliege.be\/fr\/wp-json\/wp\/v2\/tags?post=27678"}],"curies":[{"name":"wp","href":"https:\/\/api.w.org\/{rel}","templated":true}]}}