{"id":27722,"date":"2025-01-20T11:29:06","date_gmt":"2025-01-20T10:29:06","guid":{"rendered":"https:\/\/fcliege.be\/fr\/?p=27722"},"modified":"2025-01-20T12:28:57","modified_gmt":"2025-01-20T11:28:57","slug":"post-formation-un-oeil-sur-les-resultats-2","status":"publish","type":"post","link":"https:\/\/fcliege.be\/fr\/post-formation-un-oeil-sur-les-resultats-2\/","title":{"rendered":"Post formation | U21 : soir\u00e9e \u00e0 oublier"},"content":{"rendered":"\n<p><\/p>\n\n\n\n<p><strong>D\u00e9couvrez les comptes-rendus de certains matchs de nos cat\u00e9gories post formation.<\/strong><\/p>\n\n\n\n<p><strong>U21 <\/strong>: RFC Li\u00e8ge-RAAL 0-5<\/p>\n\n\n\n<p>Ce vendredi 17 janvier, nos U21 faisaient leur retour au championnat avec un duel attendu face \u00e0 la RAAL. \u00c0 l\u2019aller, une belle victoire 1-3 sur leur terrain avait marqu\u00e9 les esprits, et nous savions que notre adversaire viendrait \u00e0 Rocourt avec l\u2019intention de prendre sa revanche. Les confrontations contre la RAAL sont toujours disput\u00e9es dans un esprit comp\u00e9titif, mais restent empreintes de respect.<\/p>\n\n\n\n<p>Cependant, la rencontre a failli ne pas avoir lieu en raison des conditions m\u00e9t\u00e9orologiques difficiles : un \u00e9pais brouillard et un terrain glissant dus aux temp\u00e9ratures n\u00e9gatives. Finalement, apr\u00e8s inspection, l\u2019arbitre a donn\u00e9 son feu vert, et le match a pu commencer.<\/p>\n\n\n\n<p><strong>Un d\u00e9but encourageant mais une premi\u00e8re faille fatale<br><\/strong>D\u00e8s l\u2019entame, Li\u00e8ge a pris l\u2019initiative en s\u2019appuyant sur la possession et une circulation rapide du ballon. En face, la RAAL s\u2019est montr\u00e9e bien organis\u00e9e, compacte et pr\u00eate \u00e0 exploiter les reconversions rapides. Les vingt premi\u00e8res minutes ont vu nos joueurs se procurer plusieurs occasions franches par D\u2019Ulisse, Cristallini et Sambiani, mais sans concr\u00e9tiser.<\/p>\n\n\n\n<p>Cette inefficacit\u00e9 a co\u00fbt\u00e9 cher. Sur une erreur d\u00e9fensive, la RAAL a ouvert le score, un tournant qui a fait sombrer inexplicablement notre collectif. Peu avant la pause, l\u2019adversaire doublait la mise, sans pour autant montrer une sup\u00e9riorit\u00e9 notable.<\/p>\n\n\n\n<p><strong>Une seconde p\u00e9riode sans r\u00e9action<br><\/strong>Le discours de mi-temps, m\u00ealant recadrage et encouragements, n\u2019a pas produit l\u2019effet escompt\u00e9. Pire encore, la RAAL a inscrit un troisi\u00e8me but d\u00e8s le d\u00e9but de la seconde p\u00e9riode, scellant pratiquement l\u2019issue du match. Un penalty obtenu par Gargano aurait pu nous relancer, mais son tir est pass\u00e9 au-dessus de la transversale, ajoutant \u00e0 la frustration de la soir\u00e9e.<\/p>\n\n\n\n<p>Le reste de la rencontre s\u2019est transform\u00e9 en un long calvaire pour nos couleurs, la RAAL exploitant nos lacunes pour porter le score \u00e0 0-5, une v\u00e9ritable d\u00e9sillusion.<\/p>\n\n\n\n<p><strong>Une r\u00e9flexion n\u00e9cessaire pour le groupe<br><\/strong>Cette contre-performance met en lumi\u00e8re un manque de r\u00e9gularit\u00e9 et de rigueur qui fait parfois d\u00e9faut \u00e0 ce groupe pourtant talentueux. Capables d\u2019exploits, comme face au RWDM ou lors de leur parcours en Coupe contre des clubs de D1A, nos U21 doivent comprendre que l\u2019exigence et la discipline sont les cl\u00e9s pour \u00e9voluer au plus haut niveau.<\/p>\n\n\n\n<p>Le staff met tout en \u0153uvre pour les encadrer de mani\u00e8re professionnelle et attend en retour une implication sans faille. \u00catre professionnel, ou aspirer \u00e0 le devenir, n\u00e9cessite un investissement constant, avant, pendant et apr\u00e8s les matchs.<\/p>\n\n\n\n<p>Comme toujours, nous ne l\u00e2cherons rien. Le travail continue.<\/p>\n","protected":false},"excerpt":{"rendered":"<p>D\u00e9couvrez les comptes-rendus de certains matchs de nos cat\u00e9gories post formation. U21 : RFC Li\u00e8ge-RAAL 0-5 Ce vendredi 17 janvier, nos U21 faisaient leur retour au championnat avec un duel attendu face \u00e0 la RAAL. \u00c0 l\u2019aller, une belle victoire 1-3 sur leur terrain avait marqu\u00e9 les esprits, et nous savions que notre adversaire viendrait [&hellip;]<\/p>\n","protected":false},"author":12,"featured_media":0,"comment_status":"closed","ping_status":"closed","sticky":false,"template":"","format":"standard","meta":{"iawp_total_views":4},"categories":[23],"tags":[],"_links":{"self":[{"href":"https:\/\/fcliege.be\/fr\/wp-json\/wp\/v2\/posts\/27722"}],"collection":[{"href":"https:\/\/fcliege.be\/fr\/wp-json\/wp\/v2\/posts"}],"about":[{"href":"https:\/\/fcliege.be\/fr\/wp-json\/wp\/v2\/types\/post"}],"author":[{"embeddable":true,"href":"https:\/\/fcliege.be\/fr\/wp-json\/wp\/v2\/users\/12"}],"replies":[{"embeddable":true,"href":"https:\/\/fcliege.be\/fr\/wp-json\/wp\/v2\/comments?post=27722"}],"version-history":[{"count":3,"href":"https:\/\/fcliege.be\/fr\/wp-json\/wp\/v2\/posts\/27722\/revisions"}],"predecessor-version":[{"id":27725,"href":"https:\/\/fcliege.be\/fr\/wp-json\/wp\/v2\/posts\/27722\/revisions\/27725"}],"wp:attachment":[{"href":"https:\/\/fcliege.be\/fr\/wp-json\/wp\/v2\/media?parent=27722"}],"wp:term":[{"taxonomy":"category","embeddable":true,"href":"https:\/\/fcliege.be\/fr\/wp-json\/wp\/v2\/categories?post=27722"},{"taxonomy":"post_tag","embeddable":true,"href":"https:\/\/fcliege.be\/fr\/wp-json\/wp\/v2\/tags?post=27722"}],"curies":[{"name":"wp","href":"https:\/\/api.w.org\/{rel}","templated":true}]}}