{"id":27794,"date":"2025-01-26T18:50:03","date_gmt":"2025-01-26T17:50:03","guid":{"rendered":"https:\/\/fcliege.be\/fr\/?p=27794"},"modified":"2025-01-26T18:50:03","modified_gmt":"2025-01-26T17:50:03","slug":"liam-moreau-indisponible-3-mois","status":"publish","type":"post","link":"https:\/\/fcliege.be\/fr\/liam-moreau-indisponible-3-mois\/","title":{"rendered":"Liam Moreau indisponible 3 mois"},"content":{"rendered":"\n<p><\/p>\n\n\n\n<h4 class=\"wp-block-heading\"><strong>Notre jeune d\u00e9fenseur Liam Moreau sera malheureusement \u00e9loign\u00e9 des terrains pour une p\u00e9riode de trois mois. Il s\u2019est bless\u00e9 s\u00e9rieusement au dos \u00e0 la suite d\u2019une chute \u00e0 son domicile.<\/strong><\/h4>\n\n\n\n<p>Liam subira une op\u00e9ration ce vendredi 31 janvier \u00e0 l\u2019h\u00f4pital de La Citadelle. Cette intervention visera \u00e0 diminuer la pression sur la moelle \u00e9pini\u00e8re.<\/p>\n\n\n\n<p>Le club souhaite \u00e0 Liam un prompt r\u00e9tablissement et esp\u00e8re le revoir encore plus fort sur les terrains. Bon courage, Liam !<\/p>\n","protected":false},"excerpt":{"rendered":"<p>Notre jeune d\u00e9fenseur Liam Moreau sera malheureusement \u00e9loign\u00e9 des terrains pour une p\u00e9riode de trois mois. Il s\u2019est bless\u00e9 s\u00e9rieusement au dos \u00e0 la suite d\u2019une chute \u00e0 son domicile. Liam subira une op\u00e9ration ce vendredi 31 janvier \u00e0 l\u2019h\u00f4pital de La Citadelle. Cette intervention visera \u00e0 diminuer la pression sur la moelle \u00e9pini\u00e8re. Le [&hellip;]<\/p>\n","protected":false},"author":12,"featured_media":27796,"comment_status":"closed","ping_status":"closed","sticky":false,"template":"","format":"standard","meta":{"iawp_total_views":3},"categories":[24,26],"tags":[],"_links":{"self":[{"href":"https:\/\/fcliege.be\/fr\/wp-json\/wp\/v2\/posts\/27794"}],"collection":[{"href":"https:\/\/fcliege.be\/fr\/wp-json\/wp\/v2\/posts"}],"about":[{"href":"https:\/\/fcliege.be\/fr\/wp-json\/wp\/v2\/types\/post"}],"author":[{"embeddable":true,"href":"https:\/\/fcliege.be\/fr\/wp-json\/wp\/v2\/users\/12"}],"replies":[{"embeddable":true,"href":"https:\/\/fcliege.be\/fr\/wp-json\/wp\/v2\/comments?post=27794"}],"version-history":[{"count":2,"href":"https:\/\/fcliege.be\/fr\/wp-json\/wp\/v2\/posts\/27794\/revisions"}],"predecessor-version":[{"id":27797,"href":"https:\/\/fcliege.be\/fr\/wp-json\/wp\/v2\/posts\/27794\/revisions\/27797"}],"wp:featuredmedia":[{"embeddable":true,"href":"https:\/\/fcliege.be\/fr\/wp-json\/wp\/v2\/media\/27796"}],"wp:attachment":[{"href":"https:\/\/fcliege.be\/fr\/wp-json\/wp\/v2\/media?parent=27794"}],"wp:term":[{"taxonomy":"category","embeddable":true,"href":"https:\/\/fcliege.be\/fr\/wp-json\/wp\/v2\/categories?post=27794"},{"taxonomy":"post_tag","embeddable":true,"href":"https:\/\/fcliege.be\/fr\/wp-json\/wp\/v2\/tags?post=27794"}],"curies":[{"name":"wp","href":"https:\/\/api.w.org\/{rel}","templated":true}]}}