{"id":27987,"date":"2025-02-15T13:01:32","date_gmt":"2025-02-15T12:01:32","guid":{"rendered":"https:\/\/fcliege.be\/fr\/?p=27987"},"modified":"2025-02-17T13:15:44","modified_gmt":"2025-02-17T12:15:44","slug":"interview-la-parole-a-alessandro-albanese","status":"publish","type":"post","link":"https:\/\/fcliege.be\/fr\/interview-la-parole-a-alessandro-albanese\/","title":{"rendered":"Interview | La parole \u00e0 Alessandro Albanese"},"content":{"rendered":"\n<p><\/p>\n\n\n\n<h4 class=\"wp-block-heading\"><strong>L&rsquo;interview de la semaine en compagnie d&rsquo;Alessandro Albanese<\/strong><\/h4>\n\n\n\n<p><strong>L\u2019\u00e9quipe s\u2019est-elle bien remise de la d\u00e9faite frustrante face aux Francs Borains ?<\/strong><\/p>\n\n\n\n<p>C\u2019\u00e9tait une d\u00e9faite frustrante, c\u2019est s\u00fbr, mais on a bien travaill\u00e9 cette semaine \u00e0 l\u2019entra\u00eenement. On est concentr\u00e9s sur notre prochain match et pr\u00eats \u00e0 aller chercher les trois points.<\/p>\n\n\n\n<p><strong>Tu as connu ta premi\u00e8re titularisation. Quel bilan tires-tu de cette premi\u00e8re exp\u00e9rience ?<\/strong><\/p>\n\n\n\n<p>Le r\u00e9sultat n\u2019a pas \u00e9t\u00e9 celui que j\u2019esp\u00e9rais, mais c\u2019\u00e9tait un moment important pour moi. Je suis heureux d\u2019avoir pu d\u00e9buter un match avec l\u2019\u00e9quipe et maintenant, l\u2019objectif est de continuer \u00e0 progresser.<\/p>\n\n\n\n<p><strong>Li\u00e8ge ira \u00e0 Beveren avec, on l\u2019imagine, l\u2019objectif de gagner pour rester dans la course aux playoffs.<\/strong><\/p>\n\n\n\n<p>Comme toujours, on vise la victoire. On a bien pr\u00e9par\u00e9 cette rencontre et on sait \u00e0 quoi s\u2019attendre. J\u2019ai un bon pressentiment.<\/p>\n\n\n\n<p><strong>Beveren a l\u2019une des meilleures d\u00e9fenses du championnat, mais aussi l\u2019une des attaques les moins prolifiques. Doit-on s\u2019attendre \u00e0 un match ferm\u00e9 ?<\/strong><\/p>\n\n\n\n<p>Je ne pense pas que ce sera un match ferm\u00e9. De notre c\u00f4t\u00e9, on aime jouer en \u00e9cartant le jeu et en mettant du rythme. Le terrain de Beveren est grand, j\u2019y ai d\u00e9j\u00e0 jou\u00e9, et je pense qu\u2019on aura droit \u00e0 un match ouvert.<\/p>\n","protected":false},"excerpt":{"rendered":"<p>L&rsquo;interview de la semaine en compagnie d&rsquo;Alessandro Albanese L\u2019\u00e9quipe s\u2019est-elle bien remise de la d\u00e9faite frustrante face aux Francs Borains ? C\u2019\u00e9tait une d\u00e9faite frustrante, c\u2019est s\u00fbr, mais on a bien travaill\u00e9 cette semaine \u00e0 l\u2019entra\u00eenement. On est concentr\u00e9s sur notre prochain match et pr\u00eats \u00e0 aller chercher les trois points. Tu as connu ta [&hellip;]<\/p>\n","protected":false},"author":12,"featured_media":28000,"comment_status":"closed","ping_status":"closed","sticky":false,"template":"","format":"standard","meta":{"iawp_total_views":2},"categories":[26],"tags":[],"_links":{"self":[{"href":"https:\/\/fcliege.be\/fr\/wp-json\/wp\/v2\/posts\/27987"}],"collection":[{"href":"https:\/\/fcliege.be\/fr\/wp-json\/wp\/v2\/posts"}],"about":[{"href":"https:\/\/fcliege.be\/fr\/wp-json\/wp\/v2\/types\/post"}],"author":[{"embeddable":true,"href":"https:\/\/fcliege.be\/fr\/wp-json\/wp\/v2\/users\/12"}],"replies":[{"embeddable":true,"href":"https:\/\/fcliege.be\/fr\/wp-json\/wp\/v2\/comments?post=27987"}],"version-history":[{"count":3,"href":"https:\/\/fcliege.be\/fr\/wp-json\/wp\/v2\/posts\/27987\/revisions"}],"predecessor-version":[{"id":28001,"href":"https:\/\/fcliege.be\/fr\/wp-json\/wp\/v2\/posts\/27987\/revisions\/28001"}],"wp:featuredmedia":[{"embeddable":true,"href":"https:\/\/fcliege.be\/fr\/wp-json\/wp\/v2\/media\/28000"}],"wp:attachment":[{"href":"https:\/\/fcliege.be\/fr\/wp-json\/wp\/v2\/media?parent=27987"}],"wp:term":[{"taxonomy":"category","embeddable":true,"href":"https:\/\/fcliege.be\/fr\/wp-json\/wp\/v2\/categories?post=27987"},{"taxonomy":"post_tag","embeddable":true,"href":"https:\/\/fcliege.be\/fr\/wp-json\/wp\/v2\/tags?post=27987"}],"curies":[{"name":"wp","href":"https:\/\/api.w.org\/{rel}","templated":true}]}}