{"id":28112,"date":"2025-03-05T08:00:00","date_gmt":"2025-03-05T07:00:00","guid":{"rendered":"https:\/\/fcliege.be\/fr\/?p=28112"},"modified":"2025-03-24T18:52:16","modified_gmt":"2025-03-24T17:52:16","slug":"fanshop-3-casquettes-liege","status":"publish","type":"post","link":"https:\/\/fcliege.be\/fr\/fanshop-3-casquettes-liege\/","title":{"rendered":"Fanshop | 3 casquettes \u00ab\u00a0Li\u00e8ge\u00a0\u00bb !"},"content":{"rendered":"\n<p><\/p>\n\n\n\n<h4 class=\"wp-block-heading\"><strong>Trois nouvelles casquettes exclusives dans la gamme \u00ab\u00a0Li\u00e8ge\u00a0\u00bb <\/strong><\/h4>\n\n\n\n<p>Chaque nouvelle d\u00e9clinaison met en avant l\u2019identit\u00e9 du club et son attachement \u00e0 Li\u00e8ge. Les casquettes se distinguent par une broderie 3D du mot \u00ab\u00a0Li\u00e8ge\u00a0\u00bb \u00e0 l\u2019avant, le Perron de Li\u00e8ge entour\u00e9 des lauriers du blason brod\u00e9 sur le c\u00f4t\u00e9, et une \u00e9tiquette tiss\u00e9e \u00e0 l\u2019arri\u00e8re.<\/p>\n\n\n\n<p>Une collection en trois couleurs :<\/p>\n\n\n\n<ul>\n<li><strong>LA BLEUE<\/strong> : <a href=\"https:\/\/www.fcliege-fanshop.be\/shop\/casquette-liege-la-bleue\/\" target=\"_blank\" rel=\"noreferrer noopener\">fcliege-fanshop.be\/shop\/casquette-liege-la-bleue<\/a><\/li>\n\n\n\n<li><strong>LA GRISE<\/strong> : <a href=\"https:\/\/www.fcliege-fanshop.be\/shop\/casquette-liege-la-grise\/\" target=\"_blank\" rel=\"noreferrer noopener\">fcliege-fanshop.be\/shop\/casquette-liege-la-grise<\/a><\/li>\n\n\n\n<li><strong>LA BLANCHE<\/strong> : <a href=\"https:\/\/www.fcliege-fanshop.be\/shop\/casquette-liege-la-blanche\/\" target=\"_blank\" rel=\"noreferrer noopener\">fcliege-fanshop.be\/shop\/casquette-liege-la-blanche<\/a><\/li>\n<\/ul>\n\n\n\n<p>Disponibles d\u00e8s maintenant en ligne mais aussi au fanshop du stade, \u00e0 partir de 12h, le dimanche 9 mars \u00e0 l&rsquo;occasion du match de D1B contre la <strong>RAAL La Louvi\u00e8re <\/strong>(13h30).<\/p>\n\n\n\n<h5 class=\"wp-block-heading\"><strong><a href=\"https:\/\/www.fcliege-fanshop.be\/categorie\/kit-stadium\/\" target=\"_blank\" rel=\"noreferrer noopener\">Commande en ligne sur www.fcliege-fanshop.be<\/a><\/strong><\/h5>\n\n\n\n<figure class=\"wp-block-gallery has-nested-images columns-default is-cropped wp-block-gallery-1 is-layout-flex\">\n<figure class=\"wp-block-image size-large\"><img decoding=\"async\" loading=\"lazy\" width=\"1024\" height=\"1024\" data-id=\"28116\"  src=\"https:\/\/fcliege.be\/fr\/wp-content\/uploads\/2025\/02\/RFCL-Casquette-Liege-Bleu-marine-1-1024x1024.jpg\" alt=\"\" class=\"wp-image-28116\" srcset=\"https:\/\/fcliege.be\/fr\/wp-content\/uploads\/2025\/02\/RFCL-Casquette-Liege-Bleu-marine-1-1024x1024.jpg 1024w, https:\/\/fcliege.be\/fr\/wp-content\/uploads\/2025\/02\/RFCL-Casquette-Liege-Bleu-marine-1-300x300.jpg 300w, https:\/\/fcliege.be\/fr\/wp-content\/uploads\/2025\/02\/RFCL-Casquette-Liege-Bleu-marine-1-150x150.jpg 150w, https:\/\/fcliege.be\/fr\/wp-content\/uploads\/2025\/02\/RFCL-Casquette-Liege-Bleu-marine-1-768x768.jpg 768w, https:\/\/fcliege.be\/fr\/wp-content\/uploads\/2025\/02\/RFCL-Casquette-Liege-Bleu-marine-1.jpg 1200w\" sizes=\"(max-width: 1024px) 100vw, 1024px\" \/><\/figure>\n\n\n\n<figure class=\"wp-block-image size-large\"><img decoding=\"async\" loading=\"lazy\" width=\"1024\" height=\"1024\" data-id=\"28115\"  src=\"https:\/\/fcliege.be\/fr\/wp-content\/uploads\/2025\/02\/RFCL-Casquette-Liege-La-Blanche-1-1024x1024.jpg\" alt=\"\" class=\"wp-image-28115\" srcset=\"https:\/\/fcliege.be\/fr\/wp-content\/uploads\/2025\/02\/RFCL-Casquette-Liege-La-Blanche-1-1024x1024.jpg 1024w, https:\/\/fcliege.be\/fr\/wp-content\/uploads\/2025\/02\/RFCL-Casquette-Liege-La-Blanche-1-300x300.jpg 300w, https:\/\/fcliege.be\/fr\/wp-content\/uploads\/2025\/02\/RFCL-Casquette-Liege-La-Blanche-1-150x150.jpg 150w, https:\/\/fcliege.be\/fr\/wp-content\/uploads\/2025\/02\/RFCL-Casquette-Liege-La-Blanche-1-768x768.jpg 768w, https:\/\/fcliege.be\/fr\/wp-content\/uploads\/2025\/02\/RFCL-Casquette-Liege-La-Blanche-1.jpg 1200w\" sizes=\"(max-width: 1024px) 100vw, 1024px\" \/><\/figure>\n\n\n\n<figure class=\"wp-block-image size-large\"><img decoding=\"async\" loading=\"lazy\" width=\"1024\" height=\"1024\" data-id=\"28114\"  src=\"https:\/\/fcliege.be\/fr\/wp-content\/uploads\/2025\/02\/RFCL-Casquette-Liege-La-Grise-1-1024x1024.jpg\" alt=\"\" class=\"wp-image-28114\" srcset=\"https:\/\/fcliege.be\/fr\/wp-content\/uploads\/2025\/02\/RFCL-Casquette-Liege-La-Grise-1-1024x1024.jpg 1024w, https:\/\/fcliege.be\/fr\/wp-content\/uploads\/2025\/02\/RFCL-Casquette-Liege-La-Grise-1-300x300.jpg 300w, https:\/\/fcliege.be\/fr\/wp-content\/uploads\/2025\/02\/RFCL-Casquette-Liege-La-Grise-1-150x150.jpg 150w, https:\/\/fcliege.be\/fr\/wp-content\/uploads\/2025\/02\/RFCL-Casquette-Liege-La-Grise-1-768x768.jpg 768w, https:\/\/fcliege.be\/fr\/wp-content\/uploads\/2025\/02\/RFCL-Casquette-Liege-La-Grise-1.jpg 1200w\" sizes=\"(max-width: 1024px) 100vw, 1024px\" \/><\/figure>\n<\/figure>\n","protected":false},"excerpt":{"rendered":"<p>Trois nouvelles casquettes exclusives dans la gamme \u00ab\u00a0Li\u00e8ge\u00a0\u00bb Chaque nouvelle d\u00e9clinaison met en avant l\u2019identit\u00e9 du club et son attachement \u00e0 Li\u00e8ge. Les casquettes se distinguent par une broderie 3D du mot \u00ab\u00a0Li\u00e8ge\u00a0\u00bb \u00e0 l\u2019avant, le Perron de Li\u00e8ge entour\u00e9 des lauriers du blason brod\u00e9 sur le c\u00f4t\u00e9, et une \u00e9tiquette tiss\u00e9e \u00e0 l\u2019arri\u00e8re. Une [&hellip;]<\/p>\n","protected":false},"author":12,"featured_media":28198,"comment_status":"closed","ping_status":"closed","sticky":false,"template":"","format":"standard","meta":{"iawp_total_views":14},"categories":[24,28],"tags":[],"_links":{"self":[{"href":"https:\/\/fcliege.be\/fr\/wp-json\/wp\/v2\/posts\/28112"}],"collection":[{"href":"https:\/\/fcliege.be\/fr\/wp-json\/wp\/v2\/posts"}],"about":[{"href":"https:\/\/fcliege.be\/fr\/wp-json\/wp\/v2\/types\/post"}],"author":[{"embeddable":true,"href":"https:\/\/fcliege.be\/fr\/wp-json\/wp\/v2\/users\/12"}],"replies":[{"embeddable":true,"href":"https:\/\/fcliege.be\/fr\/wp-json\/wp\/v2\/comments?post=28112"}],"version-history":[{"count":9,"href":"https:\/\/fcliege.be\/fr\/wp-json\/wp\/v2\/posts\/28112\/revisions"}],"predecessor-version":[{"id":28347,"href":"https:\/\/fcliege.be\/fr\/wp-json\/wp\/v2\/posts\/28112\/revisions\/28347"}],"wp:featuredmedia":[{"embeddable":true,"href":"https:\/\/fcliege.be\/fr\/wp-json\/wp\/v2\/media\/28198"}],"wp:attachment":[{"href":"https:\/\/fcliege.be\/fr\/wp-json\/wp\/v2\/media?parent=28112"}],"wp:term":[{"taxonomy":"category","embeddable":true,"href":"https:\/\/fcliege.be\/fr\/wp-json\/wp\/v2\/categories?post=28112"},{"taxonomy":"post_tag","embeddable":true,"href":"https:\/\/fcliege.be\/fr\/wp-json\/wp\/v2\/tags?post=28112"}],"curies":[{"name":"wp","href":"https:\/\/api.w.org\/{rel}","templated":true}]}}