{"id":28151,"date":"2025-03-14T20:55:27","date_gmt":"2025-03-14T19:55:27","guid":{"rendered":"https:\/\/fcliege.be\/fr\/?p=28151"},"modified":"2025-03-14T20:55:27","modified_gmt":"2025-03-14T19:55:27","slug":"interview-la-parole-a-damien-mouchamps-2","status":"publish","type":"post","link":"https:\/\/fcliege.be\/fr\/interview-la-parole-a-damien-mouchamps-2\/","title":{"rendered":"Interview | La parole \u00e0 Damien Mouchamps"},"content":{"rendered":"\n<p><\/p>\n\n\n\n<h4 class=\"wp-block-heading\"><strong>L&rsquo;interview de la semaine en compagnie de Damien Mouchamps<\/strong><\/h4>\n\n\n\n<p><strong>Tu encha\u00eenes les titularisations depuis quelques semaines, on imagine que cela doit te faire plaisir apr\u00e8s une longue p\u00e9riode sur le banc.<\/strong><\/p>\n\n\n\n<p>Oui, forc\u00e9ment, \u00e7a fait du bien. \u00c7a faisait un moment que je n\u2019avais plus eu l\u2019occasion d\u2019encha\u00eener les matchs. Le coach m\u2019a install\u00e9 \u00e0 un poste qui n\u2019est pas forc\u00e9ment le mien \u00e0 la base, mais il m\u2019y avait d\u00e9j\u00e0 test\u00e9 \u00e0 plusieurs reprises, et je pense que je r\u00e9ponds pr\u00e9sent. Tant que je peux aider l\u2019\u00e9quipe, c\u2019est positif. Maintenant, il faut continuer sur cette lanc\u00e9e.<\/p>\n\n\n\n<p><strong>Li\u00e8ge a fait douter la RAAL et aurait m\u00eame pu mener de deux buts \u00e0 la pause. L\u2019\u00e9quipe doit-elle nourrir des regrets ?<\/strong><\/p>\n\n\n\n<p>Oui, on peut avoir quelques regrets, surtout sur la premi\u00e8re p\u00e9riode o\u00f9 on a eu de grosses occasions pour creuser l\u2019\u00e9cart. Mais on peut aussi se dire que c\u2019est positif d\u2019avoir su se cr\u00e9er autant d\u2019opportunit\u00e9s contre une \u00e9quipe comme la RAAL. En seconde p\u00e9riode, on a un peu souffl\u00e9 et eux ont mieux ajust\u00e9 leur jeu, donc c\u2019\u00e9tait plus \u00e9quilibr\u00e9. C\u2019est s\u00fbr qu\u2019on aurait aim\u00e9 prendre les trois points, mais on reste sur une bonne dynamique. Il faut continuer \u00e0 travailler et ne rien l\u00e2cher.<\/p>\n\n\n\n<p><strong>Prochain match contre Lokeren, concurrent direct pour les playoffs. Une revanche par rapport au match aller ?<\/strong><\/p>\n\n\n\n<p>Pas forc\u00e9ment, car nous \u00e9tions surtout pass\u00e9s \u00e0 c\u00f4t\u00e9 de notre match \u00e0 l\u2019aller. Mais pourquoi pas une petite revanche, oui. Cependant, nous devons surtout nous focaliser sur nous et non sur l\u2019adversaire afin d\u2019essayer de reproduire le m\u00eame jeu que durant la premi\u00e8re mi-temps face \u00e0 La Louvi\u00e8re.<\/p>\n\n\n\n<p><strong>Le maintien est d\u00e9sormais acquis. Cela va permettre de jouer plus lib\u00e9r\u00e9 pour cette fin de saison ?<\/strong><\/p>\n\n\n\n<p>C\u2019est vrai que le maintien \u00e9tait l\u2019objectif principal, donc on peut maintenant jouer plus lib\u00e9r\u00e9s. Mais il reste des matchs, et on doit viser plus haut. On va prendre chaque rencontre pour aller chercher les trois points et voir o\u00f9 \u00e7a nous m\u00e8ne. Il reste quatre matchs et peut-\u00eatre les playoffs, donc on va tout donner jusqu\u2019au bout.<\/p>\n","protected":false},"excerpt":{"rendered":"<p>L&rsquo;interview de la semaine en compagnie de Damien Mouchamps Tu encha\u00eenes les titularisations depuis quelques semaines, on imagine que cela doit te faire plaisir apr\u00e8s une longue p\u00e9riode sur le banc. Oui, forc\u00e9ment, \u00e7a fait du bien. \u00c7a faisait un moment que je n\u2019avais plus eu l\u2019occasion d\u2019encha\u00eener les matchs. Le coach m\u2019a install\u00e9 \u00e0 [&hellip;]<\/p>\n","protected":false},"author":12,"featured_media":28249,"comment_status":"closed","ping_status":"closed","sticky":false,"template":"","format":"standard","meta":{"iawp_total_views":2},"categories":[1,24],"tags":[],"_links":{"self":[{"href":"https:\/\/fcliege.be\/fr\/wp-json\/wp\/v2\/posts\/28151"}],"collection":[{"href":"https:\/\/fcliege.be\/fr\/wp-json\/wp\/v2\/posts"}],"about":[{"href":"https:\/\/fcliege.be\/fr\/wp-json\/wp\/v2\/types\/post"}],"author":[{"embeddable":true,"href":"https:\/\/fcliege.be\/fr\/wp-json\/wp\/v2\/users\/12"}],"replies":[{"embeddable":true,"href":"https:\/\/fcliege.be\/fr\/wp-json\/wp\/v2\/comments?post=28151"}],"version-history":[{"count":4,"href":"https:\/\/fcliege.be\/fr\/wp-json\/wp\/v2\/posts\/28151\/revisions"}],"predecessor-version":[{"id":28251,"href":"https:\/\/fcliege.be\/fr\/wp-json\/wp\/v2\/posts\/28151\/revisions\/28251"}],"wp:featuredmedia":[{"embeddable":true,"href":"https:\/\/fcliege.be\/fr\/wp-json\/wp\/v2\/media\/28249"}],"wp:attachment":[{"href":"https:\/\/fcliege.be\/fr\/wp-json\/wp\/v2\/media?parent=28151"}],"wp:term":[{"taxonomy":"category","embeddable":true,"href":"https:\/\/fcliege.be\/fr\/wp-json\/wp\/v2\/categories?post=28151"},{"taxonomy":"post_tag","embeddable":true,"href":"https:\/\/fcliege.be\/fr\/wp-json\/wp\/v2\/tags?post=28151"}],"curies":[{"name":"wp","href":"https:\/\/api.w.org\/{rel}","templated":true}]}}