{"id":28155,"date":"2025-03-10T11:09:29","date_gmt":"2025-03-10T10:09:29","guid":{"rendered":"https:\/\/fcliege.be\/fr\/?p=28155"},"modified":"2025-03-10T11:15:43","modified_gmt":"2025-03-10T10:15:43","slug":"post-formation-un-oeil-sur-les-resultats-4","status":"publish","type":"post","link":"https:\/\/fcliege.be\/fr\/post-formation-un-oeil-sur-les-resultats-4\/","title":{"rendered":"Post formation | Les U21 en ma\u00eetrise"},"content":{"rendered":"\n<p><\/p>\n\n\n\n<h4 class=\"wp-block-heading\"><strong>D\u00e9couvrez les comptes-rendus de certains matchs de nos cat\u00e9gories post formation.<\/strong><\/h4>\n\n\n\n<p><strong>U21 <\/strong>: Westerlo-RFC Li\u00e8ge 0-3, une victoire ma\u00eetris\u00e9e<\/p>\n\n\n\n<p>Ce vendredi 7 mars, c\u2019est un d\u00e9placement p\u00e9rilleux \u00e0 Westerlo qui attendait nos U21, face \u00e0 un adversaire solide, adepte du beau jeu et renforc\u00e9 par quelques U23. Un adversaire que nous n\u2019avions pas encore battu cette saison, ce qui ajoutait un d\u00e9fi suppl\u00e9mentaire \u00e0 cette rencontre.<\/p>\n\n\n\n<p>D\u00e8s la causerie, les objectifs \u00e9taient clairs : ramener les 3 points, se rapprocher du top 3 (avec en plus des matchs de retard sur nos concurrents directs), et surtout poursuivre cette dynamique positive qui anime le groupe depuis plusieurs semaines, que ce soit en championnat ou en coupe.<\/p>\n\n\n\n<p>Tout au long de la semaine, plusieurs axes de travail avaient \u00e9t\u00e9 cibl\u00e9s :<\/p>\n\n\n\n<p>Un pressing haut, collectif et agressif.<br>Ne pas se laisser perturber par leurs nombreuses permutations.<br>Exploiter les espaces entre les lignes.<br>Mettre en place nos combinaisons dans les petits espaces.<br>Et d\u00e8s le coup d\u2019envoi, l\u2019\u00e9quipe a parfaitement respect\u00e9 le plan de jeu, ce qui nous a permis de prendre rapidement l\u2019ascendant sur Westerlo, aussi bien dans la possession que dans les occasions franches.<\/p>\n\n\n\n<p>Apr\u00e8s un excellent d\u00e9but de match, c\u2019est logiquement que D\u2019Ulisse, sur une frappe qui oblige le gardien \u00e0 la faute, ouvre le score. Quelques minutes plus tard, Cristallini, d&rsquo;une frappe crois\u00e9e imparable, double la mise (0-2). La premi\u00e8re p\u00e9riode est parfaitement ma\u00eetris\u00e9e : nous ne laissons quasiment aucune occasion \u00e0 Westerlo, avec une vraie maturit\u00e9 dans la gestion du match.<\/p>\n\n\n\n<p>La pause permet de remettre l\u2019\u00e9quipe en ordre : rester lucide, continuer \u00e0 pousser et s\u2019attendre \u00e0 une r\u00e9action adverse. Et le message passe. D\u00e8s le d\u00e9but de la seconde mi-temps, l\u2019\u00e9quipe reprend le contr\u00f4le du match. Le but du 0-3 est \u00e0 l\u2019image du travail accompli : D&rsquo;Ulisse sert parfaitement Cristallini qui lance Laurent, mont\u00e9 de la deuxi\u00e8me ligne, et qui conclut d&rsquo;une superbe frappe pied gauche. Un but construit, collectif, exactement ce qu&rsquo;on aime voir.<\/p>\n\n\n\n<p>Le score aurait pu \u00eatre plus lourd encore avec plusieurs occasions franches sign\u00e9es Gargano, Salimi ou encore Bokota.<\/p>\n\n\n\n<p>Au-del\u00e0 du r\u00e9sultat, ce match refl\u00e8te parfaitement l&rsquo;\u00e9tat d\u2019esprit qui r\u00e8gne dans le groupe : une \u00e9quipe qui avance ensemble, avec des joueurs capables de faire la diff\u00e9rence et qui respectent les consignes. En U21, chaque saison est une reconstruction, mais nos groupes de deuxi\u00e8me partie de saison ont souvent montr\u00e9 de belles choses, et celui-ci confirme la tendance. Il faut du temps pour s\u2019adapter aux exigences de ce niveau, beaucoup plus \u00e9lev\u00e9 que les cat\u00e9gories jeunes, mais ces joueurs montrent une vraie envie et une mentalit\u00e9 exemplaire.<\/p>\n\n\n\n<p>Le programme reste charg\u00e9 entre la coupe et le championnat, mais l\u2019objectif est clair : confirmer, gagner, et les amener le plus haut possible.<\/p>\n\n\n\n<p>L\u2019\u00e9quipe : Mpenza, Schiavo, Van Zuylen (cap.), Diallo, Doukoua (73&prime; Dethier), Laurent (78&prime; K. Merlen), Cristallini, Reynaerts, Sambiani (60&prime; Salimi), D\u2019Ulisse (73&prime; Yagmur), Gargano (73&prime; Bokota)<\/p>\n","protected":false},"excerpt":{"rendered":"<p>D\u00e9couvrez les comptes-rendus de certains matchs de nos cat\u00e9gories post formation. U21 : Westerlo-RFC Li\u00e8ge 0-3, une victoire ma\u00eetris\u00e9e Ce vendredi 7 mars, c\u2019est un d\u00e9placement p\u00e9rilleux \u00e0 Westerlo qui attendait nos U21, face \u00e0 un adversaire solide, adepte du beau jeu et renforc\u00e9 par quelques U23. Un adversaire que nous n\u2019avions pas encore battu [&hellip;]<\/p>\n","protected":false},"author":12,"featured_media":27402,"comment_status":"closed","ping_status":"closed","sticky":false,"template":"","format":"standard","meta":{"iawp_total_views":11},"categories":[24,23],"tags":[],"_links":{"self":[{"href":"https:\/\/fcliege.be\/fr\/wp-json\/wp\/v2\/posts\/28155"}],"collection":[{"href":"https:\/\/fcliege.be\/fr\/wp-json\/wp\/v2\/posts"}],"about":[{"href":"https:\/\/fcliege.be\/fr\/wp-json\/wp\/v2\/types\/post"}],"author":[{"embeddable":true,"href":"https:\/\/fcliege.be\/fr\/wp-json\/wp\/v2\/users\/12"}],"replies":[{"embeddable":true,"href":"https:\/\/fcliege.be\/fr\/wp-json\/wp\/v2\/comments?post=28155"}],"version-history":[{"count":3,"href":"https:\/\/fcliege.be\/fr\/wp-json\/wp\/v2\/posts\/28155\/revisions"}],"predecessor-version":[{"id":28230,"href":"https:\/\/fcliege.be\/fr\/wp-json\/wp\/v2\/posts\/28155\/revisions\/28230"}],"wp:featuredmedia":[{"embeddable":true,"href":"https:\/\/fcliege.be\/fr\/wp-json\/wp\/v2\/media\/27402"}],"wp:attachment":[{"href":"https:\/\/fcliege.be\/fr\/wp-json\/wp\/v2\/media?parent=28155"}],"wp:term":[{"taxonomy":"category","embeddable":true,"href":"https:\/\/fcliege.be\/fr\/wp-json\/wp\/v2\/categories?post=28155"},{"taxonomy":"post_tag","embeddable":true,"href":"https:\/\/fcliege.be\/fr\/wp-json\/wp\/v2\/tags?post=28155"}],"curies":[{"name":"wp","href":"https:\/\/api.w.org\/{rel}","templated":true}]}}