{"id":28194,"date":"2025-03-08T19:49:35","date_gmt":"2025-03-08T18:49:35","guid":{"rendered":"https:\/\/fcliege.be\/fr\/?p=28194"},"modified":"2025-03-08T19:49:35","modified_gmt":"2025-03-08T18:49:35","slug":"interview-la-parole-a-jordan-bustin-4","status":"publish","type":"post","link":"https:\/\/fcliege.be\/fr\/interview-la-parole-a-jordan-bustin-4\/","title":{"rendered":"Interview | La parole \u00e0 Jordan Bustin"},"content":{"rendered":"\n<p><\/p>\n\n\n\n<h4 class=\"wp-block-heading\"><strong>L&rsquo;interview de la semaine en compagnie de Jordan Bustin<\/strong><\/h4>\n\n\n\n<p><strong>Tu as fait un retour remarqu\u00e9 samedi dernier apr\u00e8s des mois compliqu\u00e9s. \u00c7a doit \u00eatre une belle satisfaction pour toi ?<\/strong><\/p>\n\n\n\n<p>Marquer un but, c\u2019est toujours un plaisir, et encore plus apr\u00e8s une longue p\u00e9riode d\u2019absence. \u00c7a fait du bien mentalement et \u00e7a donne envie d\u2019encha\u00eener.<\/p>\n\n\n\n<p><strong>Te sens-tu \u00e0 100 % ? Tes blessures appartiennent-elles au pass\u00e9 ?<\/strong><\/p>\n\n\n\n<p>Pour l\u2019instant, je me sens tr\u00e8s bien, mais je pr\u00e9f\u00e8re ne pas trop m\u2019avancer pour ne pas me porter la poisse. Aujourd\u2019hui, tout va bien et j\u2019esp\u00e8re vraiment que cette p\u00e9riode de blessures est derri\u00e8re moi.<\/p>\n\n\n\n<p><strong>Le RFC Li\u00e8ge a encore manqu\u00e9 son d\u00e9but de match avant de renverser la tendance, comme ces derni\u00e8res semaines. Il faudra \u00e9viter \u00e7a face aux Loups, non ?<\/strong><\/p>\n\n\n\n<p>Oui, c\u2019est clair qu\u2019on doit \u00eatre plus vigilants d\u00e8s le coup d\u2019envoi. On a encore mis du temps \u00e0 rentrer dans notre match, mais la r\u00e9action a \u00e9t\u00e9 une nouvelle fois tr\u00e8s positive. Maintenant, il faudra \u00eatre plus consistants d\u00e8s le d\u00e9but, surtout face \u00e0 une \u00e9quipe comme La Louvi\u00e8re.<\/p>\n\n\n\n<p><strong>Li\u00e8ge s\u2019est bien relanc\u00e9 dans la course aux playoffs. Il faudra d\u00e9sormais faire la diff\u00e9rence \u00e0 domicile avec trois matchs \u00e0 Rocourt.<\/strong><\/p>\n\n\n\n<p>Oui, on doit continuer \u00e0 prendre les matchs les uns apr\u00e8s les autres en visant toujours les trois points. Si on reste sur cette dynamique, on verra o\u00f9 \u00e7a nous m\u00e8ne \u00e0 la fin de la saison.<\/p>\n","protected":false},"excerpt":{"rendered":"<p>L&rsquo;interview de la semaine en compagnie de Jordan Bustin Tu as fait un retour remarqu\u00e9 samedi dernier apr\u00e8s des mois compliqu\u00e9s. \u00c7a doit \u00eatre une belle satisfaction pour toi ? Marquer un but, c\u2019est toujours un plaisir, et encore plus apr\u00e8s une longue p\u00e9riode d\u2019absence. \u00c7a fait du bien mentalement et \u00e7a donne envie d\u2019encha\u00eener. [&hellip;]<\/p>\n","protected":false},"author":12,"featured_media":28201,"comment_status":"closed","ping_status":"closed","sticky":false,"template":"","format":"standard","meta":{"iawp_total_views":3},"categories":[1,24],"tags":[],"_links":{"self":[{"href":"https:\/\/fcliege.be\/fr\/wp-json\/wp\/v2\/posts\/28194"}],"collection":[{"href":"https:\/\/fcliege.be\/fr\/wp-json\/wp\/v2\/posts"}],"about":[{"href":"https:\/\/fcliege.be\/fr\/wp-json\/wp\/v2\/types\/post"}],"author":[{"embeddable":true,"href":"https:\/\/fcliege.be\/fr\/wp-json\/wp\/v2\/users\/12"}],"replies":[{"embeddable":true,"href":"https:\/\/fcliege.be\/fr\/wp-json\/wp\/v2\/comments?post=28194"}],"version-history":[{"count":3,"href":"https:\/\/fcliege.be\/fr\/wp-json\/wp\/v2\/posts\/28194\/revisions"}],"predecessor-version":[{"id":28202,"href":"https:\/\/fcliege.be\/fr\/wp-json\/wp\/v2\/posts\/28194\/revisions\/28202"}],"wp:featuredmedia":[{"embeddable":true,"href":"https:\/\/fcliege.be\/fr\/wp-json\/wp\/v2\/media\/28201"}],"wp:attachment":[{"href":"https:\/\/fcliege.be\/fr\/wp-json\/wp\/v2\/media?parent=28194"}],"wp:term":[{"taxonomy":"category","embeddable":true,"href":"https:\/\/fcliege.be\/fr\/wp-json\/wp\/v2\/categories?post=28194"},{"taxonomy":"post_tag","embeddable":true,"href":"https:\/\/fcliege.be\/fr\/wp-json\/wp\/v2\/tags?post=28194"}],"curies":[{"name":"wp","href":"https:\/\/api.w.org\/{rel}","templated":true}]}}