{"id":28227,"date":"2025-05-08T08:00:00","date_gmt":"2025-05-08T06:00:00","guid":{"rendered":"https:\/\/fcliege.be\/fr\/?p=28227"},"modified":"2025-05-10T11:07:29","modified_gmt":"2025-05-10T09:07:29","slug":"silver-cup-nos-u19-en-finale","status":"publish","type":"post","link":"https:\/\/fcliege.be\/fr\/silver-cup-nos-u19-en-finale\/","title":{"rendered":"Silver Cup | Nos U19 en finale !"},"content":{"rendered":"\n<p><\/p>\n\n\n\n<h4 class=\"wp-block-heading\"><strong>Les U19 du RFCL disputeront la finale de la Silver Cup contre Beveren.<\/strong><\/h4>\n\n\n\n<p><strong>Comment fonctionne la Coupe de Belgique U19 ?<\/strong><\/p>\n\n\n\n<p>Chaque ann\u00e9e, la Pro League organise une Coupe de Belgique r\u00e9serv\u00e9e aux \u00e9quipes U19 des clubs professionnels de D1A et de D1B.<\/p>\n\n\n\n<p>La premi\u00e8re phase se joue sous forme de groupes. Nous avons \u00e9t\u00e9 vers\u00e9s dans une poule relev\u00e9e, aux c\u00f4t\u00e9s du Standard, de Saint-Trond, de Charleroi et d\u2019Eupen. \u00c0 l\u2019issue de cette phase, nous avons termin\u00e9 deuxi\u00e8mes ex \u00e6quo avec Saint-Trond, mais un goal average moins favorable nous a malheureusement priv\u00e9s d\u2019une qualification directe pour la suite de la comp\u00e9tition principale.<\/p>\n\n\n\n<p>La suite de la comp\u00e9tition se divise alors en deux volets :<br>-La Gold Cup, qui regroupe les deux premiers de chaque groupe.<br>-La Silver Cup, qui r\u00e9unit les troisi\u00e8mes et quatri\u00e8mes de chaque poule.<\/p>\n\n\n\n<p>C\u2019est donc dans cette Silver Cup que notre parcours s\u2019est poursuivi. En quart de finale, nous avons \u00e9limin\u00e9 le Sporting de Charleroi ainsi que les Francs Borains.<\/p>\n\n\n\n<p><strong>Un exploit collectif et une place en finale m\u00e9rit\u00e9e<\/strong><\/p>\n\n\n\n<p><strong>KV Courtrai-RFC Li\u00e8ge 1-3<\/strong><\/p>\n\n\n\n<p>Apr\u00e8s avoir remport\u00e9 la premi\u00e8re manche \u00e0 domicile sur le score de 2-1, nous savions que le retour \u00e0 Courtrai serait tout sauf une promenade de sant\u00e9. Face \u00e0 nous, l\u2019\u00e9quipe type U21 de Courtrai, une formation solide qui a lutt\u00e9 jusqu\u2019\u00e0 la derni\u00e8re journ\u00e9e pour le titre, renforc\u00e9e par quelques joueurs \u00e9voluant d\u00e9j\u00e0 avec le noyau pro.<\/p>\n\n\n\n<p>Le plan de jeu \u00e9tait clair\u202f: laisser la possession \u00e0 l\u2019adversaire, rester compact dans un bloc m\u00e9dian, et miser sur des transitions rapides. Pari rapidement gagnant puisque, d\u00e8s la 5e minute, Yagmur ouvre le score (0-1), nous pla\u00e7ant dans une position id\u00e9ale.<\/p>\n\n\n\n<p>Courtrai r\u00e9agit aussit\u00f4t, imposant un rythme \u00e9lev\u00e9 et multipliant les offensives. Mais notre organisation tient bon, notre collectif reste soud\u00e9, et nous parvenons m\u00eame \u00e0 nous cr\u00e9er deux \u00e9normes occasions par Bokota et Kaba, qui auraient pu (d\u00fb) faire le break. La premi\u00e8re p\u00e9riode se termine sur ce score flatteur de 0-1.<\/p>\n\n\n\n<p>Dans le vestiaire, les cris du coach adverse r\u00e9sonnent\u202f: on sait que la seconde p\u00e9riode sera un v\u00e9ritable combat. Et sans surprise, d\u00e8s la reprise, les vagues courtraisiennes d\u00e9ferlent sur notre d\u00e9fense. On r\u00e9siste\u2026 jusqu\u2019\u00e0 ce penalty g\u00e9n\u00e9reusement accord\u00e9 aux locaux, qui ne manquent pas l\u2019occasion d\u2019\u00e9galiser.<\/p>\n\n\n\n<p>Mais ce but a l\u2019effet d\u2019un \u00e9lectrochoc. Dans la foul\u00e9e, nous effectuons deux changements strat\u00e9giques pour densifier le milieu et apporter de la vitesse sur les ailes. Pari gagnant\u202f! Rapidement, Basisa redonne l\u2019avantage (1-2), avant que Mottet n\u2019enfonce le clou (1-3), r\u00e9duisant \u00e0 n\u00e9ant les espoirs de Courtrai.<\/p>\n\n\n\n<p>Au coup de sifflet final, c\u2019est une victoire pleinement m\u00e9rit\u00e9e. Parce qu\u2019elle incarne ce qu\u2019est le football\u202f: un collectif fort, des individualit\u00e9s au service de l\u2019\u00e9quipe, de la rigueur tactique et l\u2019envie de se surpasser. Ce succ\u00e8s inesp\u00e9r\u00e9 vient r\u00e9compenser un parcours auquel peu auraient cru en d\u00e9but de saison.<\/p>\n\n\n\n<p>Dans cette coupe, ce sont principalement nos U21 qui ont \u00e9t\u00e9 align\u00e9s. Depuis septembre, ces jeunes disputent pr\u00e8s de deux matchs par semaine, ce qui nous a co\u00fbt\u00e9 des points en championnat. Mais cette qualification pour la finale vient d\u00e9montrer le talent de notre \u00c9cole des Jeunes.<\/p>\n\n\n\n<p><strong>Place maintenant \u00e0 la finale, qui se jouera au Stade Tondreau de Mons le 17 mai (13h30) face \u00e0 Beveren, champion U18 et U21.<\/strong> Encore un gros morceau, mais nous irons l\u00e0-bas avec des arguments.<\/p>\n\n\n\n<p>Ce parcours met en lumi\u00e8re une g\u00e9n\u00e9ration prometteuse. Il faut de la patience, et surtout ne pas oublier d\u2019o\u00f9 nous venons. Les U21, les U19 doivent comprendre ce qu\u2019exige le football professionnel et les sacrifices qu\u2019il implique. C\u2019est souvent \u00e0 ce niveau que \u00e7a coince. Mais ce genre de r\u00e9sultat doit les motiver \u00e0 pers\u00e9v\u00e9rer.<\/p>\n","protected":false},"excerpt":{"rendered":"<p>Les U19 du RFCL disputeront la finale de la Silver Cup contre Beveren. Comment fonctionne la Coupe de Belgique U19 ? Chaque ann\u00e9e, la Pro League organise une Coupe de Belgique r\u00e9serv\u00e9e aux \u00e9quipes U19 des clubs professionnels de D1A et de D1B. La premi\u00e8re phase se joue sous forme de groupes. Nous avons \u00e9t\u00e9 [&hellip;]<\/p>\n","protected":false},"author":12,"featured_media":28713,"comment_status":"closed","ping_status":"closed","sticky":false,"template":"","format":"standard","meta":{"iawp_total_views":63},"categories":[24,23],"tags":[],"_links":{"self":[{"href":"https:\/\/fcliege.be\/fr\/wp-json\/wp\/v2\/posts\/28227"}],"collection":[{"href":"https:\/\/fcliege.be\/fr\/wp-json\/wp\/v2\/posts"}],"about":[{"href":"https:\/\/fcliege.be\/fr\/wp-json\/wp\/v2\/types\/post"}],"author":[{"embeddable":true,"href":"https:\/\/fcliege.be\/fr\/wp-json\/wp\/v2\/users\/12"}],"replies":[{"embeddable":true,"href":"https:\/\/fcliege.be\/fr\/wp-json\/wp\/v2\/comments?post=28227"}],"version-history":[{"count":13,"href":"https:\/\/fcliege.be\/fr\/wp-json\/wp\/v2\/posts\/28227\/revisions"}],"predecessor-version":[{"id":28751,"href":"https:\/\/fcliege.be\/fr\/wp-json\/wp\/v2\/posts\/28227\/revisions\/28751"}],"wp:featuredmedia":[{"embeddable":true,"href":"https:\/\/fcliege.be\/fr\/wp-json\/wp\/v2\/media\/28713"}],"wp:attachment":[{"href":"https:\/\/fcliege.be\/fr\/wp-json\/wp\/v2\/media?parent=28227"}],"wp:term":[{"taxonomy":"category","embeddable":true,"href":"https:\/\/fcliege.be\/fr\/wp-json\/wp\/v2\/categories?post=28227"},{"taxonomy":"post_tag","embeddable":true,"href":"https:\/\/fcliege.be\/fr\/wp-json\/wp\/v2\/tags?post=28227"}],"curies":[{"name":"wp","href":"https:\/\/api.w.org\/{rel}","templated":true}]}}