{"id":28316,"date":"2025-04-02T08:00:00","date_gmt":"2025-04-02T07:00:00","guid":{"rendered":"https:\/\/fcliege.be\/fr\/?p=28316"},"modified":"2025-03-26T14:30:41","modified_gmt":"2025-03-26T13:30:41","slug":"tracons-un-trait-rouge-contre-la-violence","status":"publish","type":"post","link":"https:\/\/fcliege.be\/fr\/tracons-un-trait-rouge-contre-la-violence\/","title":{"rendered":"Tra\u00e7ons un trait rouge contre la violence"},"content":{"rendered":"\n<p><\/p>\n\n\n\n<h4 class=\"wp-block-heading\"><strong>Les 5 et 6 avril, le RFC Li\u00e8ge et toute la communaut\u00e9 du football belge s&rsquo;associent pour dire NON \u00e0 la violence sur et autour des terrains !<\/strong><\/h4>\n\n\n\n<p>Cette initiative, lanc\u00e9e l\u2019an dernier par l\u2019ACFF et Voetbal Vlaanderen, se d\u00e9ploie cette ann\u00e9e \u00e0 l\u2019\u00e9chelle nationale, soutenue par la Pro League, les Diables Rouges, les Red Flames et tous les clubs professionnels. L\u2019objectif est simple : cr\u00e9er un environnement de football plus s\u00fbr pour tous, des jeunes aux seniors.<\/p>\n\n\n\n<p>Le RFC Li\u00e8ge entend participer \u00e0 cette action essentielle, qui s\u2019inscrit dans le cadre du programme Safer Together. Ensemble, montrons qu&rsquo;il n&rsquo;y a pas de place pour la violence dans notre sport et dans notre soci\u00e9t\u00e9 !<\/p>\n\n\n\n<p>Au sein du club, un <a href=\"https:\/\/fcliege.be\/fr\/comite-de-vigilance\/\">Comit\u00e9 de vigilance<\/a> est d\u00e9j\u00e0 en place afin de combattre les comportements transgressifs ou ind\u00e9sirables qui n&rsquo;ont pas leur place sur et autour des terrains de football.<\/p>\n","protected":false},"excerpt":{"rendered":"<p>Les 5 et 6 avril, le RFC Li\u00e8ge et toute la communaut\u00e9 du football belge s&rsquo;associent pour dire NON \u00e0 la violence sur et autour des terrains ! Cette initiative, lanc\u00e9e l\u2019an dernier par l\u2019ACFF et Voetbal Vlaanderen, se d\u00e9ploie cette ann\u00e9e \u00e0 l\u2019\u00e9chelle nationale, soutenue par la Pro League, les Diables Rouges, les Red [&hellip;]<\/p>\n","protected":false},"author":12,"featured_media":28352,"comment_status":"closed","ping_status":"closed","sticky":false,"template":"","format":"standard","meta":{"iawp_total_views":1},"categories":[1,24],"tags":[],"_links":{"self":[{"href":"https:\/\/fcliege.be\/fr\/wp-json\/wp\/v2\/posts\/28316"}],"collection":[{"href":"https:\/\/fcliege.be\/fr\/wp-json\/wp\/v2\/posts"}],"about":[{"href":"https:\/\/fcliege.be\/fr\/wp-json\/wp\/v2\/types\/post"}],"author":[{"embeddable":true,"href":"https:\/\/fcliege.be\/fr\/wp-json\/wp\/v2\/users\/12"}],"replies":[{"embeddable":true,"href":"https:\/\/fcliege.be\/fr\/wp-json\/wp\/v2\/comments?post=28316"}],"version-history":[{"count":1,"href":"https:\/\/fcliege.be\/fr\/wp-json\/wp\/v2\/posts\/28316\/revisions"}],"predecessor-version":[{"id":28317,"href":"https:\/\/fcliege.be\/fr\/wp-json\/wp\/v2\/posts\/28316\/revisions\/28317"}],"wp:featuredmedia":[{"embeddable":true,"href":"https:\/\/fcliege.be\/fr\/wp-json\/wp\/v2\/media\/28352"}],"wp:attachment":[{"href":"https:\/\/fcliege.be\/fr\/wp-json\/wp\/v2\/media?parent=28316"}],"wp:term":[{"taxonomy":"category","embeddable":true,"href":"https:\/\/fcliege.be\/fr\/wp-json\/wp\/v2\/categories?post=28316"},{"taxonomy":"post_tag","embeddable":true,"href":"https:\/\/fcliege.be\/fr\/wp-json\/wp\/v2\/tags?post=28316"}],"curies":[{"name":"wp","href":"https:\/\/api.w.org\/{rel}","templated":true}]}}