{"id":28412,"date":"2025-04-08T10:53:21","date_gmt":"2025-04-08T09:53:21","guid":{"rendered":"https:\/\/fcliege.be\/fr\/?p=28412"},"modified":"2025-04-08T12:41:09","modified_gmt":"2025-04-08T11:41:09","slug":"bc-1892-merci-bouli","status":"publish","type":"post","link":"https:\/\/fcliege.be\/fr\/bc-1892-merci-bouli\/","title":{"rendered":"BC 1892 | Merci Bouli !"},"content":{"rendered":"\n<p><\/p>\n\n\n\n<h4 class=\"wp-block-heading\"><strong>Quand le Business Club 1892 re\u00e7oit Bouli Lanners, une l\u00e9gende li\u00e9geoise<\/strong><\/h4>\n\n\n\n<p><em>\u00ab\u00a0Bouli est un monument, un monstre au sens noble du terme, qui fait honneur \u00e0 cette ville. Bouli, merci d\u2019\u00eatre toi !\u00a0\u00bb<\/em> Ce sont les mots de <strong>Jean-Paul Lacomble<\/strong> au moment d\u2019accueillir <strong>Philippe Lanners<\/strong>, alias Bouli Lanners, \u00e0 l\u2019occasion de notre Business Club 1892 du lundi 7 avril. Retour sur une soir\u00e9e exceptionnelle.<\/p>\n\n\n\n<p><strong>Des souvenirs de Rocourt<\/strong><\/p>\n\n\n\n<p>N\u00e9 \u00e0 Moresnet-Chapelle, dans la province de Li\u00e8ge, le 20 mai 1965, Bouli Lanners se souvient des trajets qu\u2019il effectuait avec son p\u00e8re pour venir supporter le RFC Li\u00e8ge \u00e0 Rocourt : \u00ab<em> C\u2019\u00e9tait un vrai calvaire de se rendre \u00e0 Rocourt depuis La Calamine pour assister aux matchs. Un jour, je me souviens, un ami de mon p\u00e8re est mort d\u2019\u00e9motion apr\u00e8s un but du matricule 4. Ses amis disaient qu\u2019ils auraient aussi aim\u00e9 mourir comme \u00e7a. \u00bb<\/em><\/p>\n\n\n\n<p><strong>De la peinture au cin\u00e9ma<\/strong><\/p>\n\n\n\n<p>\u00c0 l\u2019adolescence, une passion pour la peinture et le cin\u00e9ma na\u00eet chez Bouli, qui conna\u00eetra une br\u00e8ve p\u00e9riode \u00e0 l\u2019Acad\u00e9mie des Beaux-Arts de Li\u00e8ge. <em>\u00ab \u00c0 la base, mon p\u00e8re voulait que je devienne douanier. Mais un jour, je me suis inscrit \u00e0 l\u2019Acad\u00e9mie des Beaux-Arts, car je voulais devenir peintre. J\u2019ai fini par me faire renvoyer. Alors, j\u2019ai commenc\u00e9 \u00e0 encha\u00eener plusieurs petits boulots. Puis est venu un moment o\u00f9 je travaillais dans un bistrot, dans lequel j\u2019ai rencontr\u00e9 une \u00e9quipe de tournage qui a d\u00e9cid\u00e9 de me recruter. S\u00fbrement parce que j\u2019\u00e9tais un petit gros et que je parlais allemand. Et donc, par pur hasard, je suis arriv\u00e9 dans le monde du cin\u00e9ma. Je suis pass\u00e9 d\u2019artificier \u00e0 d\u00e9corateur, puis accessoiriste de plateau. J\u2019ai m\u00eame fait \u00e0 manger. J\u2019ai vraiment appris tous les m\u00e9tiers du cin\u00e9ma avant de devenir acteur. \u00bb<\/em><\/p>\n\n\n\n<p>C\u2019est dans les ann\u00e9es 1990 que le grand public d\u00e9couvre Bouli Lanners, gr\u00e2ce \u00e0 son passage sur Canal+ Belgique et sa collaboration avec l\u2019\u00e9mission humoristique Les Snuls. Son charisme atypique et son humour d\u00e9cal\u00e9 s\u00e9duisent rapidement, ce qui lui ouvre la porte \u00e0 des r\u00f4les dans des films et s\u00e9ries belges, avec une premi\u00e8re apparition marquante en 1990 dans Toto le h\u00e9ros de<strong> Jaco Van Dormael<\/strong>.<\/p>\n\n\n\n<p><strong>Acteur, mais aussi r\u00e9alisateur<\/strong><\/p>\n\n\n\n<p>Ne se contentant pas d\u2019\u00eatre acteur, Lanners passe derri\u00e8re la cam\u00e9ra et impose un style bien \u00e0 lui. En 2005, il r\u00e9alise Ultranova, puis, trois ans plus tard, Eldorado (2008), un road movie surr\u00e9aliste et absurde salu\u00e9 par la critique. Suivent Les G\u00e9ants (2011), Les Premiers, les Derniers (2016) et, plus r\u00e9cemment, Nobody Has to Know (2021), un film qui marque son incursion dans le cin\u00e9ma international. Ce dernier long-m\u00e9trage lui vaut plusieurs distinctions : le prix du meilleur acteur au Chicago International Film Festival, le Magritte du meilleur film et du meilleur r\u00e9alisateur, ainsi que le prix de la meilleure photographie au Festival du film d\u2019Ostende. <em>\u00ab Mon regard de peintre influence ma mani\u00e8re de filmer. Parfois, je fais des arr\u00eats sur image sur des paysages que je pourrais ou que j\u2019ai dessin\u00e9s. \u00bb<\/em><\/p>\n\n\n\n<p><strong>Le th\u00e9\u00e2tre de la Couverture chauffante<\/strong><\/p>\n\n\n\n<p>En 2023, il inaugure le Th\u00e9\u00e2tre de la Couverture chauffante, un espace unique situ\u00e9 dans un ancien relais \u00e0 chevaux du XIXe si\u00e8cle, sur la colline de Cointe. Ce projet, qu\u2019il r\u00e9alise avec son \u00e9pouse <strong>\u00c9lise Ancion<\/strong>, costumi\u00e8re et metteuse en sc\u00e8ne, propose une exp\u00e9rience th\u00e9\u00e2trale originale o\u00f9 Bouli pr\u00eate sa voix et manipule des marionnettes, avec l\u2019aide d\u2019un plank\u00eat charg\u00e9 des bruitages en direct. Avec des personnages comme Tchantch\u00e8s et Nan\u00e8sse, les pi\u00e8ces jou\u00e9es \u2014 toutes \u00e9crites par Bouli \u2014 m\u00ealent habilement tradition li\u00e9geoise et po\u00e9sie personnelle. <em>\u00ab Int\u00e9grer les marionnettes au cin\u00e9ma ? Non. Ce sont deux choses incompatibles pour moi. Dans les marionnettes, j\u2019ai un go\u00fbt pour raconter certaines histoires que je ne pourrais pas raconter au cin\u00e9ma. \u00bb<\/em><\/p>\n\n\n\n<p><strong>\u00ab Je suis un vrai baraki\u2026 \u00bb<\/strong><\/p>\n\n\n\n<p>Bouli n\u2019oublie jamais d\u2019o\u00f9 il vient. Que ce soit un soir de f\u00e9vrier 2023, sur la sc\u00e8ne de l\u2019Olympia \u00e0 Paris, o\u00f9 il avait l\u00e2ch\u00e9 : <em>\u00ab Putain, je viens de Li\u00e8ge quand m\u00eame \u00bb<\/em>, apr\u00e8s avoir remport\u00e9 le C\u00e9sar du meilleur second r\u00f4le pour son interpr\u00e9tation dans La Nuit du 12 de <strong>Dominik Moll<\/strong>, ou lors du Business Club 1892 : <em>\u00ab Je n\u2019oublie pas d\u2019o\u00f9 je viens. Bien s\u00fbr, je reconnais la chance que j\u2019ai eue, mais je me souviens aussi que je viens d\u2019une famille de paysans avec peu d\u2019argent. Je suis un vrai baraki. Ma maman a v\u00e9cu dans un baraquement apr\u00e8s la guerre. \u00bb<\/em> Il poursuit en affirmant : <em>\u00ab Il ne faut jamais renourrir ses blessures. Quand j\u2019\u00e9cris un film, je suis souvent triste. Mais quand on \u00e9crit quelque chose qui nous tient \u00e0 c\u0153ur, on lib\u00e8re cette tristesse. Ensuite, il faut la laisser cicatriser d\u00e9finitivement. \u00bb<\/em><\/p>\n","protected":false},"excerpt":{"rendered":"<p>Quand le Business Club 1892 re\u00e7oit Bouli Lanners, une l\u00e9gende li\u00e9geoise \u00ab\u00a0Bouli est un monument, un monstre au sens noble du terme, qui fait honneur \u00e0 cette ville. Bouli, merci d\u2019\u00eatre toi !\u00a0\u00bb Ce sont les mots de Jean-Paul Lacomble au moment d\u2019accueillir Philippe Lanners, alias Bouli Lanners, \u00e0 l\u2019occasion de notre Business Club 1892 [&hellip;]<\/p>\n","protected":false},"author":12,"featured_media":28443,"comment_status":"closed","ping_status":"closed","sticky":false,"template":"","format":"standard","meta":{"iawp_total_views":24},"categories":[25,24,31],"tags":[],"_links":{"self":[{"href":"https:\/\/fcliege.be\/fr\/wp-json\/wp\/v2\/posts\/28412"}],"collection":[{"href":"https:\/\/fcliege.be\/fr\/wp-json\/wp\/v2\/posts"}],"about":[{"href":"https:\/\/fcliege.be\/fr\/wp-json\/wp\/v2\/types\/post"}],"author":[{"embeddable":true,"href":"https:\/\/fcliege.be\/fr\/wp-json\/wp\/v2\/users\/12"}],"replies":[{"embeddable":true,"href":"https:\/\/fcliege.be\/fr\/wp-json\/wp\/v2\/comments?post=28412"}],"version-history":[{"count":10,"href":"https:\/\/fcliege.be\/fr\/wp-json\/wp\/v2\/posts\/28412\/revisions"}],"predecessor-version":[{"id":28450,"href":"https:\/\/fcliege.be\/fr\/wp-json\/wp\/v2\/posts\/28412\/revisions\/28450"}],"wp:featuredmedia":[{"embeddable":true,"href":"https:\/\/fcliege.be\/fr\/wp-json\/wp\/v2\/media\/28443"}],"wp:attachment":[{"href":"https:\/\/fcliege.be\/fr\/wp-json\/wp\/v2\/media?parent=28412"}],"wp:term":[{"taxonomy":"category","embeddable":true,"href":"https:\/\/fcliege.be\/fr\/wp-json\/wp\/v2\/categories?post=28412"},{"taxonomy":"post_tag","embeddable":true,"href":"https:\/\/fcliege.be\/fr\/wp-json\/wp\/v2\/tags?post=28412"}],"curies":[{"name":"wp","href":"https:\/\/api.w.org\/{rel}","templated":true}]}}