{"id":28465,"date":"2025-04-11T08:00:00","date_gmt":"2025-04-11T07:00:00","guid":{"rendered":"https:\/\/fcliege.be\/fr\/?p=28465"},"modified":"2025-04-09T11:56:44","modified_gmt":"2025-04-09T10:56:44","slug":"allons-liege-nouveau-numero-4","status":"publish","type":"post","link":"https:\/\/fcliege.be\/fr\/allons-liege-nouveau-numero-4\/","title":{"rendered":"Allons Li\u00e8ge ! | Nouveau num\u00e9ro"},"content":{"rendered":"\n<p><\/p>\n\n\n\n<h4 class=\"wp-block-heading\"><strong>Le nouveau num\u00e9ro du magazine \u00ab\u00a0Allons Li\u00e8ge !\u00a0\u00bb est disponible !<\/strong><\/h4>\n\n\n\n<p>En ligne ou au fanshop du stade ce dimanche lors de la rencontre contre Jong Genk. Un immense merci \u00e0 notre partenaire presse \u00e9crite <strong>Sudinfo La Meuse<\/strong> pour la r\u00e9alisation de ce magazine !<\/p>\n\n\n\n<p><strong>Sommaire <\/strong>: <br>&#8211; \u00ab\u00a0Safe Together\u00a0\u00bb \u2013 Nos couleurs s\u2019unissent contre la violence !<br>&#8211; Droits des femmes \u2013 Une lutte pour l\u2019\u00e9galit\u00e9<br>&#8211; Ecole des jeunes : bilan apr\u00e8s 2 ans en Youth Elite<br>&#8211; Nouveau format de comp\u00e9tition en Pro League d\u00e9crypt\u00e9 par Pierre Fran\u00e7ois<\/p>\n\n\n\n<p><strong><a rel=\"noreferrer noopener\" href=\"https:\/\/www.fcliege-fanshop.be\/shop\/allons-liege-4-saison-2024-2025\/\" target=\"_blank\">&gt; COMMANDEZ LE MAGAZINE SUR FCLIEGE-FANSHOP.BE<\/a><\/strong><\/p>\n\n\n\n<figure class=\"wp-block-image size-large\"><img decoding=\"async\" loading=\"lazy\" width=\"1024\" height=\"1024\" src=\"https:\/\/fcliege.be\/fr\/wp-content\/uploads\/2025\/04\/Magazine-Allons-Liege-RFCL-2025-4-1024x1024.jpg\" alt=\"\" class=\"wp-image-28468\" srcset=\"https:\/\/fcliege.be\/fr\/wp-content\/uploads\/2025\/04\/Magazine-Allons-Liege-RFCL-2025-4-1024x1024.jpg 1024w, https:\/\/fcliege.be\/fr\/wp-content\/uploads\/2025\/04\/Magazine-Allons-Liege-RFCL-2025-4-300x300.jpg 300w, https:\/\/fcliege.be\/fr\/wp-content\/uploads\/2025\/04\/Magazine-Allons-Liege-RFCL-2025-4-150x150.jpg 150w, https:\/\/fcliege.be\/fr\/wp-content\/uploads\/2025\/04\/Magazine-Allons-Liege-RFCL-2025-4-768x768.jpg 768w, https:\/\/fcliege.be\/fr\/wp-content\/uploads\/2025\/04\/Magazine-Allons-Liege-RFCL-2025-4.jpg 1200w\" sizes=\"(max-width: 1024px) 100vw, 1024px\" \/><\/figure>\n","protected":false},"excerpt":{"rendered":"<p>Le nouveau num\u00e9ro du magazine \u00ab\u00a0Allons Li\u00e8ge !\u00a0\u00bb est disponible ! En ligne ou au fanshop du stade ce dimanche lors de la rencontre contre Jong Genk. Un immense merci \u00e0 notre partenaire presse \u00e9crite Sudinfo La Meuse pour la r\u00e9alisation de ce magazine ! Sommaire : &#8211; \u00ab\u00a0Safe Together\u00a0\u00bb \u2013 Nos couleurs s\u2019unissent contre [&hellip;]<\/p>\n","protected":false},"author":12,"featured_media":28470,"comment_status":"closed","ping_status":"closed","sticky":false,"template":"","format":"standard","meta":{"iawp_total_views":1},"categories":[24,28],"tags":[],"_links":{"self":[{"href":"https:\/\/fcliege.be\/fr\/wp-json\/wp\/v2\/posts\/28465"}],"collection":[{"href":"https:\/\/fcliege.be\/fr\/wp-json\/wp\/v2\/posts"}],"about":[{"href":"https:\/\/fcliege.be\/fr\/wp-json\/wp\/v2\/types\/post"}],"author":[{"embeddable":true,"href":"https:\/\/fcliege.be\/fr\/wp-json\/wp\/v2\/users\/12"}],"replies":[{"embeddable":true,"href":"https:\/\/fcliege.be\/fr\/wp-json\/wp\/v2\/comments?post=28465"}],"version-history":[{"count":4,"href":"https:\/\/fcliege.be\/fr\/wp-json\/wp\/v2\/posts\/28465\/revisions"}],"predecessor-version":[{"id":28471,"href":"https:\/\/fcliege.be\/fr\/wp-json\/wp\/v2\/posts\/28465\/revisions\/28471"}],"wp:featuredmedia":[{"embeddable":true,"href":"https:\/\/fcliege.be\/fr\/wp-json\/wp\/v2\/media\/28470"}],"wp:attachment":[{"href":"https:\/\/fcliege.be\/fr\/wp-json\/wp\/v2\/media?parent=28465"}],"wp:term":[{"taxonomy":"category","embeddable":true,"href":"https:\/\/fcliege.be\/fr\/wp-json\/wp\/v2\/categories?post=28465"},{"taxonomy":"post_tag","embeddable":true,"href":"https:\/\/fcliege.be\/fr\/wp-json\/wp\/v2\/tags?post=28465"}],"curies":[{"name":"wp","href":"https:\/\/api.w.org\/{rel}","templated":true}]}}