{"id":28538,"date":"2025-04-14T10:27:08","date_gmt":"2025-04-14T09:27:08","guid":{"rendered":"https:\/\/fcliege.be\/fr\/?p=28538"},"modified":"2025-04-14T10:30:09","modified_gmt":"2025-04-14T09:30:09","slug":"fiers-de-vous-merci","status":"publish","type":"post","link":"https:\/\/fcliege.be\/fr\/fiers-de-vous-merci\/","title":{"rendered":"Fiers de vous, merci !"},"content":{"rendered":"\n<p><\/p>\n\n\n\n<h4 class=\"wp-block-heading\"><strong>Le RFC Li\u00e8ge a achev\u00e9 la saison fid\u00e8le \u00e0 ses valeurs<\/strong>.<\/h4>\n\n\n\n<p>Rocourt a affich\u00e9 son soutien envers <strong>Brent Stevens<\/strong>, le jeune gardien de Genk qui faisait ses d\u00e9buts pros au terme d&rsquo;une semaine \u00e9prouvante au cours de laquelle il a perdu son papa.<\/p>\n\n\n\n<figure class=\"wp-block-gallery has-nested-images columns-default is-cropped wp-block-gallery-1 is-layout-flex\">\n<figure class=\"wp-block-image size-large\"><img decoding=\"async\" loading=\"lazy\" width=\"1024\" height=\"683\" data-id=\"28546\"  src=\"https:\/\/fcliege.be\/fr\/wp-content\/uploads\/2025\/04\/20250413_RFC-LIEGE_KRC-Genk-0782-1024x683.jpg\" alt=\"\" class=\"wp-image-28546\" srcset=\"https:\/\/fcliege.be\/fr\/wp-content\/uploads\/2025\/04\/20250413_RFC-LIEGE_KRC-Genk-0782-1024x683.jpg 1024w, https:\/\/fcliege.be\/fr\/wp-content\/uploads\/2025\/04\/20250413_RFC-LIEGE_KRC-Genk-0782-300x200.jpg 300w, https:\/\/fcliege.be\/fr\/wp-content\/uploads\/2025\/04\/20250413_RFC-LIEGE_KRC-Genk-0782-768x512.jpg 768w\" sizes=\"(max-width: 1024px) 100vw, 1024px\" \/><\/figure>\n\n\n\n<figure class=\"wp-block-image size-large\"><img decoding=\"async\" loading=\"lazy\" width=\"1024\" height=\"683\" data-id=\"28545\"  src=\"https:\/\/fcliege.be\/fr\/wp-content\/uploads\/2025\/04\/20250413_RFC-LIEGE_KRC-Genk-0802-1024x683.jpg\" alt=\"\" class=\"wp-image-28545\" srcset=\"https:\/\/fcliege.be\/fr\/wp-content\/uploads\/2025\/04\/20250413_RFC-LIEGE_KRC-Genk-0802-1024x683.jpg 1024w, https:\/\/fcliege.be\/fr\/wp-content\/uploads\/2025\/04\/20250413_RFC-LIEGE_KRC-Genk-0802-300x200.jpg 300w, https:\/\/fcliege.be\/fr\/wp-content\/uploads\/2025\/04\/20250413_RFC-LIEGE_KRC-Genk-0802-768x512.jpg 768w\" sizes=\"(max-width: 1024px) 100vw, 1024px\" \/><\/figure>\n<\/figure>\n\n\n\n<p><\/p>\n\n\n\n<p>Nous sommes particuli\u00e8rement fiers de nos joueurs et nos supporters pour ces beaux gestes. Bravo \u00e0 tous pour ces moments de respect \u00e9mouvants et unanimement appr\u00e9ci\u00e9s.<\/p>\n\n\n\n<p><strong>Pierre Croonen<\/strong>, pr\u00e9sident du KRC Genk : \u00ab\u00a0<em>Merci pour votre soutien r\u00e9confortant envers Brent Stevens \u00e0 l&rsquo;occasion de ses d\u00e9buts dans le contexte du d\u00e9c\u00e8s de son papa. Appr\u00e9ci\u00e9.\u00a0\u00bb<\/em><\/p>\n\n\n\n<p><strong>Matthijs Symons<\/strong>, au nom de Jong Genk : <em>\u00ab\u00a0Hier, vous avez montr\u00e9 que certaines choses sont plus importantes que le football. Les applaudissements pour notre gardien Brent et les accolades des joueurs qui ont suivi ont montr\u00e9 \u00e0 quel point le RFC Li\u00e8ge est un club chaleureux. Je voudrais vous remercier pour votre sympathie.\u00a0\u00bb<\/em><\/p>\n\n\n\n<figure class=\"wp-block-embed is-type-video is-provider-youtube wp-block-embed-youtube wp-embed-aspect-16-9 wp-has-aspect-ratio\"><div class=\"wp-block-embed__wrapper\">\n<iframe loading=\"lazy\" title=\"Rocourt soutien Brent Stevens, le gardien de Genk #hommage #football\" width=\"960\" height=\"540\" src=\"https:\/\/www.youtube.com\/embed\/dV9xPHEOiiU?feature=oembed\" frameborder=\"0\" allow=\"accelerometer; autoplay; clipboard-write; encrypted-media; gyroscope; picture-in-picture; web-share\" referrerpolicy=\"strict-origin-when-cross-origin\" allowfullscreen><\/iframe>\n<\/div><\/figure>\n","protected":false},"excerpt":{"rendered":"<p>Le RFC Li\u00e8ge a achev\u00e9 la saison fid\u00e8le \u00e0 ses valeurs. Rocourt a affich\u00e9 son soutien envers Brent Stevens, le jeune gardien de Genk qui faisait ses d\u00e9buts pros au terme d&rsquo;une semaine \u00e9prouvante au cours de laquelle il a perdu son papa. Nous sommes particuli\u00e8rement fiers de nos joueurs et nos supporters pour ces [&hellip;]<\/p>\n","protected":false},"author":12,"featured_media":28540,"comment_status":"closed","ping_status":"closed","sticky":false,"template":"","format":"standard","meta":{"iawp_total_views":18},"categories":[24,28],"tags":[],"_links":{"self":[{"href":"https:\/\/fcliege.be\/fr\/wp-json\/wp\/v2\/posts\/28538"}],"collection":[{"href":"https:\/\/fcliege.be\/fr\/wp-json\/wp\/v2\/posts"}],"about":[{"href":"https:\/\/fcliege.be\/fr\/wp-json\/wp\/v2\/types\/post"}],"author":[{"embeddable":true,"href":"https:\/\/fcliege.be\/fr\/wp-json\/wp\/v2\/users\/12"}],"replies":[{"embeddable":true,"href":"https:\/\/fcliege.be\/fr\/wp-json\/wp\/v2\/comments?post=28538"}],"version-history":[{"count":9,"href":"https:\/\/fcliege.be\/fr\/wp-json\/wp\/v2\/posts\/28538\/revisions"}],"predecessor-version":[{"id":28550,"href":"https:\/\/fcliege.be\/fr\/wp-json\/wp\/v2\/posts\/28538\/revisions\/28550"}],"wp:featuredmedia":[{"embeddable":true,"href":"https:\/\/fcliege.be\/fr\/wp-json\/wp\/v2\/media\/28540"}],"wp:attachment":[{"href":"https:\/\/fcliege.be\/fr\/wp-json\/wp\/v2\/media?parent=28538"}],"wp:term":[{"taxonomy":"category","embeddable":true,"href":"https:\/\/fcliege.be\/fr\/wp-json\/wp\/v2\/categories?post=28538"},{"taxonomy":"post_tag","embeddable":true,"href":"https:\/\/fcliege.be\/fr\/wp-json\/wp\/v2\/tags?post=28538"}],"curies":[{"name":"wp","href":"https:\/\/api.w.org\/{rel}","templated":true}]}}