{"id":28555,"date":"2025-04-16T15:00:00","date_gmt":"2025-04-16T14:00:00","guid":{"rendered":"https:\/\/fcliege.be\/fr\/?p=28555"},"modified":"2025-04-15T15:22:39","modified_gmt":"2025-04-15T14:22:39","slug":"televie-5-actions-8785-raisons-dy-croire","status":"publish","type":"post","link":"https:\/\/fcliege.be\/fr\/televie-5-actions-8785-raisons-dy-croire\/","title":{"rendered":"T\u00e9l\u00e9vie | 5 actions, 8785 raisons d\u2019y croire"},"content":{"rendered":"\n<p><\/p>\n\n\n\n<h4 class=\"wp-block-heading\"><strong>Parce qu\u2019aujourd\u2019hui, en Belgique comme ailleurs dans le monde, bien trop de personnes et de familles sont bris\u00e9es par le cancer et la leuc\u00e9mie \u2014 des maladies qui frappent sans pr\u00e9venir, \u00e0 tout \u00e2ge \u2014 le RFC Li\u00e8ge a tenu \u00e0 se mobiliser.<\/strong><\/h4>\n\n\n\n<p>Anim\u00e9 par un profond \u00e9lan d\u2019altruisme et de solidarit\u00e9, le club a choisi de soutenir le T\u00e9l\u00e9vie, une initiative importante port\u00e9e par le FNRS et RTL Belgium depuis 1989, qui \u0153uvre sans rel\u00e2che pour faire avancer la recherche contre le cancer et la leuc\u00e9mie.<\/p>\n\n\n\n<p>Tout au long de la saison 2024-2025, gr\u00e2ce \u00e0 notre programme \u00ab Football Ardent \u00bb et, surtout, gr\u00e2ce \u00e0 votre g\u00e9n\u00e9rosit\u00e9, chers supporters, nous avons r\u00e9ussi \u00e0 r\u00e9colter 8.785 \u20ac, surpassant ainsi notre objectif initial de 8.000 \u20ac, pour financer la recherche.<\/p>\n\n\n\n<p>Une saison de mobilisation autour de 5 temps forts<\/p>\n\n\n\n<p>Dans le cadre de notre programme \u00ab Football Ardent \u00bb, plusieurs actions ont \u00e9t\u00e9 mises en place tout au long de la saison pour soutenir le T\u00e9l\u00e9vie. Gr\u00e2ce \u00e0 votre participation, ces moments ont \u00e9t\u00e9 bien plus que des \u00e9v\u00e9nements : de v\u00e9ritables \u00e9lans de solidarit\u00e9.<\/p>\n\n\n\n<p><strong>1) D\u00e9fi sportif \u2013 11 ao\u00fbt<\/strong><\/p>\n\n\n\n<p>Nous avons lanc\u00e9 notre campagne lors du Fan Day avec un d\u00e9fi sportif ouvert \u00e0 toutes et tous. Pour 5 \u20ac, les participants ont pu relever un challenge et tenter de remporter des goodies exclusifs.<\/p>\n\n\n\n<p><strong>2) Tombola \u2013 du 4 octobre au 13 d\u00e9cembre<\/strong><\/p>\n\n\n\n<p>Une tombola solidaire a ensuite pris le relais, avec \u00e0 la cl\u00e9 des prix exclusifs : vareuses officielles (Home et Away) d\u00e9dicac\u00e9es, et bien d&rsquo;autres surprises. Les tickets \u00e9taient disponibles en ligne et lors des matchs du 8 novembre et du 13 d\u00e9cembre. Le tirage au sort s\u2019est tenu \u00e0 la mi-temps de la rencontre face au KSC Lokeren-Temse.<\/p>\n\n\n\n<p><strong>3) Vente aux ench\u00e8res \u2013 week-end du 1er f\u00e9vrier<\/strong><\/p>\n\n\n\n<p>\u00c0 l\u2019occasion du derby face au RFC Seraing, o\u00f9 nos Sang et Marine se sont impos\u00e9s 2-1, une vente aux ench\u00e8res exceptionnelle a permis aux supporters d\u2019acqu\u00e9rir des vareuses sp\u00e9ciales. Une opportunit\u00e9 unique de repartir avec un objet de collection, tout en soutenant une initiative honorable.<\/p>\n\n\n\n<p><strong>4) Vente de maillots port\u00e9s par les joueurs<\/strong><\/p>\n\n\n\n<p>Dans la continuit\u00e9 de notre engagement, les vareuses port\u00e9es par les joueurs de l\u2019\u00e9quipe premi\u00e8re ont \u00e9t\u00e9 mises en vente. Chaque maillot a \u00e9t\u00e9 d\u00e9dicac\u00e9, accompagn\u00e9 d\u2019un certificat d\u2019authenticit\u00e9 et sign\u00e9 par le joueur et par Ga\u00ebtan Englebert.<\/p>\n\n\n\n<p><strong>5) Match T\u00e9l\u00e9vie \u2013 samedi 12 avril<\/strong><\/p>\n\n\n\n<p>La saison s\u2019est cl\u00f4tur\u00e9e en beaut\u00e9 avec le match T\u00e9l\u00e9vie. Les recettes de billetterie de la derni\u00e8re rencontre de notre \u00e9quipe Dames face \u00e0 ASE Chastre Femina ont \u00e9t\u00e9 int\u00e9gralement revers\u00e9es au T\u00e9l\u00e9vie. Un rendez-vous qui s\u2019est tenu ce samedi 12 avril avec une victoire 5-0 des joueuses de Rapha\u00ebl Quaranta. L\u2019\u00e9v\u00e9nement a \u00e9galement \u00e9t\u00e9 honor\u00e9 par la pr\u00e9sence de Pierre Fran\u00e7ois et de sa famille, venus apporter leur soutien \u00e0 cette noble cause.<\/p>\n\n\n\n<p>Chers supporters, cette saison, chaque action, chaque don, chaque moment partag\u00e9 ont contribu\u00e9 \u00e0 soutenir une cause d&rsquo;une importance capitale. Gr\u00e2ce \u00e0 vous, nous avons montr\u00e9 que, ensemble, nous pouvons faire la diff\u00e9rence. Merci \u00e0 tous pour votre g\u00e9n\u00e9rosit\u00e9 et votre engagement. Ensemble, continuons \u00e0 croire en l&rsquo;espoir et \u00e0 \u0153uvrer pour un avenir sans cancer ni leuc\u00e9mie.<\/p>\n","protected":false},"excerpt":{"rendered":"<p>Parce qu\u2019aujourd\u2019hui, en Belgique comme ailleurs dans le monde, bien trop de personnes et de familles sont bris\u00e9es par le cancer et la leuc\u00e9mie \u2014 des maladies qui frappent sans pr\u00e9venir, \u00e0 tout \u00e2ge \u2014 le RFC Li\u00e8ge a tenu \u00e0 se mobiliser. Anim\u00e9 par un profond \u00e9lan d\u2019altruisme et de solidarit\u00e9, le club a [&hellip;]<\/p>\n","protected":false},"author":12,"featured_media":25985,"comment_status":"closed","ping_status":"closed","sticky":false,"template":"","format":"standard","meta":{"iawp_total_views":2},"categories":[1,24,28],"tags":[],"_links":{"self":[{"href":"https:\/\/fcliege.be\/fr\/wp-json\/wp\/v2\/posts\/28555"}],"collection":[{"href":"https:\/\/fcliege.be\/fr\/wp-json\/wp\/v2\/posts"}],"about":[{"href":"https:\/\/fcliege.be\/fr\/wp-json\/wp\/v2\/types\/post"}],"author":[{"embeddable":true,"href":"https:\/\/fcliege.be\/fr\/wp-json\/wp\/v2\/users\/12"}],"replies":[{"embeddable":true,"href":"https:\/\/fcliege.be\/fr\/wp-json\/wp\/v2\/comments?post=28555"}],"version-history":[{"count":2,"href":"https:\/\/fcliege.be\/fr\/wp-json\/wp\/v2\/posts\/28555\/revisions"}],"predecessor-version":[{"id":28559,"href":"https:\/\/fcliege.be\/fr\/wp-json\/wp\/v2\/posts\/28555\/revisions\/28559"}],"wp:featuredmedia":[{"embeddable":true,"href":"https:\/\/fcliege.be\/fr\/wp-json\/wp\/v2\/media\/25985"}],"wp:attachment":[{"href":"https:\/\/fcliege.be\/fr\/wp-json\/wp\/v2\/media?parent=28555"}],"wp:term":[{"taxonomy":"category","embeddable":true,"href":"https:\/\/fcliege.be\/fr\/wp-json\/wp\/v2\/categories?post=28555"},{"taxonomy":"post_tag","embeddable":true,"href":"https:\/\/fcliege.be\/fr\/wp-json\/wp\/v2\/tags?post=28555"}],"curies":[{"name":"wp","href":"https:\/\/api.w.org\/{rel}","templated":true}]}}