{"id":28563,"date":"2025-04-15T16:00:00","date_gmt":"2025-04-15T15:00:00","guid":{"rendered":"https:\/\/fcliege.be\/fr\/?p=28563"},"modified":"2025-04-15T15:22:20","modified_gmt":"2025-04-15T14:22:20","slug":"licence-feu-vert-de-lauditorat","status":"publish","type":"post","link":"https:\/\/fcliege.be\/fr\/licence-feu-vert-de-lauditorat\/","title":{"rendered":"Licence | Feu vert de l&rsquo;Auditorat"},"content":{"rendered":"\n<p><\/p>\n\n\n\n<h4 class=\"wp-block-heading\"><strong>Le CFO et Pierre Fran\u00e7ois ont comparu ce mardi devant la Commission des Licences de la F\u00e9d\u00e9ration. Le rapport de l&rsquo;Auditorat conclu sans r\u00e9serve \u00e0 l&rsquo;octroi de la licence professionnelle D1B. Voici donc qui cl\u00f4ture le travail de notre administrateur d\u00e9l\u00e9gu\u00e9 au RFC Li\u00e8ge<\/strong><\/h4>\n\n\n\n<p>Le RFC Li\u00e8ge remercie<strong> Pierre Fran\u00e7ois<\/strong> pour son implication, son attachement au Matricule 4 et le travail accompli durant pr\u00e8s de trois ans. Arriv\u00e9 \u00e0 une p\u00e9riode cl\u00e9 de l\u2019histoire du club, il avait \u00e9t\u00e9 recrut\u00e9 pour accompagner la professionnalisation et structurer ses ambitions \u00e0 long terme.<\/p>\n\n\n\n<p>Le RFCL lui souhaite le meilleur pour la suite de son parcours.<\/p>\n","protected":false},"excerpt":{"rendered":"<p>Le CFO et Pierre Fran\u00e7ois ont comparu ce mardi devant la Commission des Licences de la F\u00e9d\u00e9ration. Le rapport de l&rsquo;Auditorat conclu sans r\u00e9serve \u00e0 l&rsquo;octroi de la licence professionnelle D1B. Voici donc qui cl\u00f4ture le travail de notre administrateur d\u00e9l\u00e9gu\u00e9 au RFC Li\u00e8ge Le RFC Li\u00e8ge remercie Pierre Fran\u00e7ois pour son implication, son attachement [&hellip;]<\/p>\n","protected":false},"author":12,"featured_media":28564,"comment_status":"closed","ping_status":"closed","sticky":false,"template":"","format":"standard","meta":{"iawp_total_views":2},"categories":[1,24],"tags":[],"_links":{"self":[{"href":"https:\/\/fcliege.be\/fr\/wp-json\/wp\/v2\/posts\/28563"}],"collection":[{"href":"https:\/\/fcliege.be\/fr\/wp-json\/wp\/v2\/posts"}],"about":[{"href":"https:\/\/fcliege.be\/fr\/wp-json\/wp\/v2\/types\/post"}],"author":[{"embeddable":true,"href":"https:\/\/fcliege.be\/fr\/wp-json\/wp\/v2\/users\/12"}],"replies":[{"embeddable":true,"href":"https:\/\/fcliege.be\/fr\/wp-json\/wp\/v2\/comments?post=28563"}],"version-history":[{"count":10,"href":"https:\/\/fcliege.be\/fr\/wp-json\/wp\/v2\/posts\/28563\/revisions"}],"predecessor-version":[{"id":28574,"href":"https:\/\/fcliege.be\/fr\/wp-json\/wp\/v2\/posts\/28563\/revisions\/28574"}],"wp:featuredmedia":[{"embeddable":true,"href":"https:\/\/fcliege.be\/fr\/wp-json\/wp\/v2\/media\/28564"}],"wp:attachment":[{"href":"https:\/\/fcliege.be\/fr\/wp-json\/wp\/v2\/media?parent=28563"}],"wp:term":[{"taxonomy":"category","embeddable":true,"href":"https:\/\/fcliege.be\/fr\/wp-json\/wp\/v2\/categories?post=28563"},{"taxonomy":"post_tag","embeddable":true,"href":"https:\/\/fcliege.be\/fr\/wp-json\/wp\/v2\/tags?post=28563"}],"curies":[{"name":"wp","href":"https:\/\/api.w.org\/{rel}","templated":true}]}}