{"id":28590,"date":"2025-04-17T11:59:00","date_gmt":"2025-04-17T10:59:00","guid":{"rendered":"https:\/\/fcliege.be\/fr\/?p=28590"},"modified":"2025-04-17T22:24:32","modified_gmt":"2025-04-17T21:24:32","slug":"fan-talk-nous-restons-a-rocourt-la-saison-prochaine","status":"publish","type":"post","link":"https:\/\/fcliege.be\/fr\/fan-talk-nous-restons-a-rocourt-la-saison-prochaine\/","title":{"rendered":"Fan Talk | Nous restons \u00e0 Rocourt la saison prochaine"},"content":{"rendered":"\n<p><\/p>\n\n\n\n<h4 class=\"wp-block-heading\"><strong>Ce mercredi avait lieu le traditionnel Fan Talk de fin de saison, o\u00f9 plusieurs sujets ont \u00e9t\u00e9 abord\u00e9s, dont le futur stade et l\u2019effectif pour la saison prochaine, par Jean-Paul Lacomble et Ga\u00ebtan Englebert.<\/strong><\/h4>\n\n\n\n<p><strong>R\u00e9enchanter Rocourt\u2026<\/strong><\/p>\n\n\n\n<p>Dans son discours, <strong>Jean-Paul Lacomble<\/strong> s\u2019est montr\u00e9 d\u00e9termin\u00e9 \u00e0 ramener de l\u2019enthousiasme \u00e0 Rocourt \u2013 o\u00f9 nous resterons bien la saison prochaine, nous confirme notre co-pr\u00e9sident.<\/p>\n\n\n\n<p><em>\u00ab Un de nos objectifs est de r\u00e9enchanter Rocourt \u00e0 tous les niveaux. Que ce soit au niveau des partenaires, des performances sportives ou de l\u2019ambiance globale, nous voulons vraiment ramener de l\u2019enthousiasme \u00e0 notre super club, et pour cela, nous allons travailler d\u2019arrache-pied. \u00bb<\/em><\/p>\n\n\n\n<p><strong>Faire mieux la saison prochaine<\/strong><\/p>\n\n\n\n<p>Si Lacomble reconna\u00eet la chance que le matricule 4 a d\u2019\u00eatre l\u00e0 o\u00f9 il est, il ne cache pas non plus son envie de le voir faire mieux la saison prochaine :<\/p>\n\n\n\n<p><em>\u00ab Des centaines de clubs seraient contents d\u2019\u00eatre l\u00e0 o\u00f9 on est. Quand on avait dit, au moment de monter, qu\u2019on ne viendrait pas uniquement humer l\u2019air de la D1B mais qu\u2019on venait pour y rester, on l\u2019a prouv\u00e9 en se maintenant assez facilement cette saison et la saison derni\u00e8re. Cela \u00e9tant dit, le top 6 ne doit pas \u00eatre l\u2019horizon ind\u00e9passable du club. On veut vraiment faire mieux la saison prochaine et entrer dans une spirale positive o\u00f9 l\u2019on regarde vers le haut. \u00bb<\/em><\/p>\n\n\n\n<p><strong>\u00ab On ne veut pas uniquement agrandir les tribunes\u2026 \u00bb<\/strong><\/p>\n\n\n\n<p>Au moment d\u2019aborder le projet du nouveau stade pour nos Sang et Marine, notre co-pr\u00e9sident a tenu \u00e0 pr\u00e9ciser qu\u2019il ne s\u2019agissait pas : <em>\u00ab uniquement de construire un stade. On ne veut pas uniquement agrandir les tribunes, mais construire un v\u00e9ritable \u00e9cosyst\u00e8me ne profitant pas uniquement au RFC Li\u00e8ge, mais \u00e0 la ville tout enti\u00e8re, o\u00f9 le CHU viendrait installer une clinique de revalidation dont nos joueurs \u2013 pas uniquement de football \u2013 seraient les premiers b\u00e9n\u00e9ficiaires. Il y aurait \u00e9galement des structures e-sport, ainsi qu\u2019une multitude de partenariats autour du sport. L\u2019Universit\u00e9 de Li\u00e8ge veut \u00e9galement installer un laboratoire \u00e0 ciel ouvert pour analyser les courses des joueurs en dehors d\u2019un simple tapis de course. Leur but est de mettre en place un logiciel de m\u00e9decine pr\u00e9dictive qui permettrait de savoir, par exemple, quand il faut remplacer un joueur. Et vous vous doutez bien que si nous sommes les premiers \u00e0 mettre en place ce concept, ce sera un succ\u00e8s garanti. Tout ce que je peux dire, en tout cas, c\u2019est qu\u2019il y a un vrai travail de fond actuellement sur un beau projet pour Li\u00e8ge, et ce ne sont pas des paroles en l\u2019air. \u00bb<\/em><\/p>\n\n\n\n<p>JPL poursuit en affirmant que le message \u00e0 retenir est : <em>\u00ab \u00c0 notre rythme. Ce projet prendra du temps, mais il commence maintenant. Et la construction de l\u2019\u00e9quipe premi\u00e8re ne sera jamais mise de c\u00f4t\u00e9 au profit du stade. Les deux projets sont aussi importants l\u2019un que l\u2019autre pour nous. \u00bb<\/em><\/p>\n\n\n\n<p><strong>Aller chercher des Bertaccini, des Nyssen\u2026<\/strong><\/p>\n\n\n\n<p><em>\u00ab En ce qui concerne l\u2019effectif, on va d\u2019abord l\u2019analyser, voir ce qu\u2019il va se passer, et puis on prendra des d\u00e9cisions. Ce qui est s\u00fbr, c\u2019est qu\u2019on veut du sang neuf et \u00e9galement rajeunir l\u2019\u00e9quipe, car lorsque vous regardez les meilleures \u00e9quipes d\u2019aujourd\u2019hui, ce sont souvent celles qui ont les effectifs les plus jeunes \u2013 et ce, dans tous les pays.<\/em><\/p>\n\n\n\n<p><em>Mais quand je parle de recruter des jeunes, je parle aussi de joueurs qui progresseront avec nous au fil des ann\u00e9es, et pas directement. Le meilleur exemple, c\u2019est <strong>Ryan Merlen<\/strong>, qui avait \u00e9t\u00e9 jug\u00e9 insuffisant \u00e0 Lens. Puis, avec nous, il a r\u00e9ussi \u00e0 atteindre un niveau aujourd\u2019hui digne de la D1A. Mais \u00e7a a pris trois ans. Ce n\u2019est pas du jour au lendemain qu\u2019on atteint un top niveau, et pour cette raison, il faut \u00eatre patient.<\/em><\/p>\n\n\n\n<p><em>Ce qu\u2019on veut aussi, c\u2019est aller chercher des joueurs comme Bertaccini et Nyssen, qui, au d\u00e9part, n\u2019\u00e9taient pas forc\u00e9ment des joueurs que tous les gros clubs s\u2019arrachaient. Mais en arrivant chez nous, ils ont atteint un tel niveau qu\u2019ils ont directement attir\u00e9 des plus grosses \u00e9quipes. Regardez ce que Bertaccini fait en D1A. Pour moi, il a toujours \u00e9t\u00e9 un joueur qui savait ce qu\u2019il fallait pour r\u00e9ussir \u00bb<\/em>, affirme <strong>Ga\u00ebtan Englebert<\/strong>.<\/p>\n","protected":false},"excerpt":{"rendered":"<p>Ce mercredi avait lieu le traditionnel Fan Talk de fin de saison, o\u00f9 plusieurs sujets ont \u00e9t\u00e9 abord\u00e9s, dont le futur stade et l\u2019effectif pour la saison prochaine, par Jean-Paul Lacomble et Ga\u00ebtan Englebert. R\u00e9enchanter Rocourt\u2026 Dans son discours, Jean-Paul Lacomble s\u2019est montr\u00e9 d\u00e9termin\u00e9 \u00e0 ramener de l\u2019enthousiasme \u00e0 Rocourt \u2013 o\u00f9 nous resterons bien [&hellip;]<\/p>\n","protected":false},"author":12,"featured_media":28597,"comment_status":"closed","ping_status":"closed","sticky":false,"template":"","format":"standard","meta":{"iawp_total_views":63},"categories":[1,24,28],"tags":[],"_links":{"self":[{"href":"https:\/\/fcliege.be\/fr\/wp-json\/wp\/v2\/posts\/28590"}],"collection":[{"href":"https:\/\/fcliege.be\/fr\/wp-json\/wp\/v2\/posts"}],"about":[{"href":"https:\/\/fcliege.be\/fr\/wp-json\/wp\/v2\/types\/post"}],"author":[{"embeddable":true,"href":"https:\/\/fcliege.be\/fr\/wp-json\/wp\/v2\/users\/12"}],"replies":[{"embeddable":true,"href":"https:\/\/fcliege.be\/fr\/wp-json\/wp\/v2\/comments?post=28590"}],"version-history":[{"count":9,"href":"https:\/\/fcliege.be\/fr\/wp-json\/wp\/v2\/posts\/28590\/revisions"}],"predecessor-version":[{"id":28630,"href":"https:\/\/fcliege.be\/fr\/wp-json\/wp\/v2\/posts\/28590\/revisions\/28630"}],"wp:featuredmedia":[{"embeddable":true,"href":"https:\/\/fcliege.be\/fr\/wp-json\/wp\/v2\/media\/28597"}],"wp:attachment":[{"href":"https:\/\/fcliege.be\/fr\/wp-json\/wp\/v2\/media?parent=28590"}],"wp:term":[{"taxonomy":"category","embeddable":true,"href":"https:\/\/fcliege.be\/fr\/wp-json\/wp\/v2\/categories?post=28590"},{"taxonomy":"post_tag","embeddable":true,"href":"https:\/\/fcliege.be\/fr\/wp-json\/wp\/v2\/tags?post=28590"}],"curies":[{"name":"wp","href":"https:\/\/api.w.org\/{rel}","templated":true}]}}