{"id":28636,"date":"2025-04-21T19:30:14","date_gmt":"2025-04-21T18:30:14","guid":{"rendered":"https:\/\/fcliege.be\/fr\/?p=28636"},"modified":"2025-04-28T14:44:25","modified_gmt":"2025-04-28T12:44:25","slug":"dames-resultats-du-week-end-16","status":"publish","type":"post","link":"https:\/\/fcliege.be\/fr\/dames-resultats-du-week-end-16\/","title":{"rendered":"Dames | R\u00e9sultats du week-end"},"content":{"rendered":"\n<p><\/p>\n\n\n\n<p><strong>D\u00e9couvrez les comptes-rendus des matchs de nos \u00e9quipes f\u00e9minines.<\/strong><\/p>\n\n\n\n<p><\/p>\n\n\n\n<p><strong>EQUIPE <\/strong>A : Sart Tilman\u2013RFC Li\u00e8ge 1-1<\/p>\n\n\n\n<p><strong>Une derni\u00e8re sortie sous tension pour conclure la saison<\/strong><\/p>\n\n\n\n<p>Nous avions \u00e0 c\u0153ur de terminer cette saison sur une bonne note, malgr\u00e9 une semaine compliqu\u00e9e marqu\u00e9e par de nombreuses absences et un effectif r\u00e9duit, partag\u00e9 entre les deux \u00e9quipes. La strat\u00e9gie \u00e9tait claire : presser haut d\u00e8s l\u2019entame pour mettre l\u2019adversaire sous pression. Et pendant les 13 premi\u00e8res minutes, \u00e7a a bien fonctionn\u00e9, avec des combinaisons int\u00e9ressantes et de l\u2019intensit\u00e9.<\/p>\n\n\n\n<p>Mais peu \u00e0 peu, notre milieu de terrain a recul\u00e9 et Sart Tilman en a profit\u00e9, en misant sur des contres rapides, notamment sur notre flanc droit, souvent d\u00e9bord\u00e9. Le repli d\u00e9fensif \u00e9tait lent, et ce qui devait arriver arriva : d\u00e9bordement, entr\u00e9e dans le rectangle, et un tackle un peu en retard de notre d\u00e9fenseure. L\u2019arbitre n\u2019a pas h\u00e9sit\u00e9 : p\u00e9nalty.<\/p>\n\n\n\n<p>Le match a ensuite bascul\u00e9 dans un registre plus folklorique, l\u2019arbitre se retrouvant au centre de l\u2019attention avec des d\u00e9cisions tr\u00e8s contest\u00e9es par les supporters pr\u00e9sents en nombre. Avant m\u00eame la pause, on \u00e9tait d\u00e9j\u00e0 contraints \u00e0 un changement suite \u00e0 une douleur au dos de l&rsquo;une de nos joueuses. Tori, touch\u00e9e \u00e0 la cheville, recevait un bandage en bord de terrain.<\/p>\n\n\n\n<p>\u00c0 la mi-temps, nouveau changement : Pauline Fameree, malade, ne parvenait plus \u00e0 faire les efforts n\u00e9cessaires, et c\u2019est Charlotte qui prenait place dans les cages. M\u00e9lanie, habituellement gardienne, montait au milieu de terrain et apportait imm\u00e9diatement une agressivit\u00e9 positive et un vrai tonus.<\/p>\n\n\n\n<p>Il ne faut pas oublier que nous \u00e9tions r\u00e9duites \u00e0 dix depuis la 41e minute suite \u00e0 l\u2019exclusion de Sophie Gaillard. C\u2019est aussi \u00e0 ce moment que Marine, une ancienne de la maison, transformait le p\u00e9nalty pour Sart Tilman (1-0).<\/p>\n\n\n\n<p>Malgr\u00e9 cette inf\u00e9riorit\u00e9 num\u00e9rique, les filles ont refus\u00e9 de baisser les bras. Un p\u00e9nalty \u00e9vident sur Oc\u00e9ane n\u2019a pas \u00e9t\u00e9 siffl\u00e9, ce qui a encore attis\u00e9 la frustration dans les tribunes. Mais contre toute attente, l\u2019arbitre nous en accordait un \u00e0 la 89e minute. Magali, sans trembler, inscrivait son sixi\u00e8me but de la saison pour remettre les deux \u00e9quipes \u00e0 \u00e9galit\u00e9 (1-1).<\/p>\n\n\n\n<p>Apr\u00e8s plus de dix minutes de temps additionnel, le coup de sifflet final retentissait. Le score ne bougeait plus. On peut \u00eatre fier de l\u2019attitude affich\u00e9e : avec la hargne li\u00e9geoise, les filles ont tout donn\u00e9 jusqu\u2019au bout.<\/p>\n\n\n\n<p>Une saison qui se termine positivement, avec de beaux r\u00e9sultats pour nos deux \u00e9quipes et surtout, un esprit de combativit\u00e9 qui fait notre force.<\/p>\n","protected":false},"excerpt":{"rendered":"<p>D\u00e9couvrez les comptes-rendus des matchs de nos \u00e9quipes f\u00e9minines. EQUIPE A : Sart Tilman\u2013RFC Li\u00e8ge 1-1 Une derni\u00e8re sortie sous tension pour conclure la saison Nous avions \u00e0 c\u0153ur de terminer cette saison sur une bonne note, malgr\u00e9 une semaine compliqu\u00e9e marqu\u00e9e par de nombreuses absences et un effectif r\u00e9duit, partag\u00e9 entre les deux \u00e9quipes. [&hellip;]<\/p>\n","protected":false},"author":12,"featured_media":28637,"comment_status":"closed","ping_status":"closed","sticky":false,"template":"","format":"standard","meta":{"iawp_total_views":2},"categories":[70],"tags":[],"_links":{"self":[{"href":"https:\/\/fcliege.be\/fr\/wp-json\/wp\/v2\/posts\/28636"}],"collection":[{"href":"https:\/\/fcliege.be\/fr\/wp-json\/wp\/v2\/posts"}],"about":[{"href":"https:\/\/fcliege.be\/fr\/wp-json\/wp\/v2\/types\/post"}],"author":[{"embeddable":true,"href":"https:\/\/fcliege.be\/fr\/wp-json\/wp\/v2\/users\/12"}],"replies":[{"embeddable":true,"href":"https:\/\/fcliege.be\/fr\/wp-json\/wp\/v2\/comments?post=28636"}],"version-history":[{"count":1,"href":"https:\/\/fcliege.be\/fr\/wp-json\/wp\/v2\/posts\/28636\/revisions"}],"predecessor-version":[{"id":28638,"href":"https:\/\/fcliege.be\/fr\/wp-json\/wp\/v2\/posts\/28636\/revisions\/28638"}],"wp:featuredmedia":[{"embeddable":true,"href":"https:\/\/fcliege.be\/fr\/wp-json\/wp\/v2\/media\/28637"}],"wp:attachment":[{"href":"https:\/\/fcliege.be\/fr\/wp-json\/wp\/v2\/media?parent=28636"}],"wp:term":[{"taxonomy":"category","embeddable":true,"href":"https:\/\/fcliege.be\/fr\/wp-json\/wp\/v2\/categories?post=28636"},{"taxonomy":"post_tag","embeddable":true,"href":"https:\/\/fcliege.be\/fr\/wp-json\/wp\/v2\/tags?post=28636"}],"curies":[{"name":"wp","href":"https:\/\/api.w.org\/{rel}","templated":true}]}}