{"id":28661,"date":"2025-05-20T09:00:00","date_gmt":"2025-05-20T07:00:00","guid":{"rendered":"https:\/\/fcliege.be\/fr\/?p=28661"},"modified":"2025-05-16T23:58:27","modified_gmt":"2025-05-16T21:58:27","slug":"lucias-cup-les-31-mai-et-1er-juin","status":"publish","type":"post","link":"https:\/\/fcliege.be\/fr\/lucias-cup-les-31-mai-et-1er-juin\/","title":{"rendered":"Lucia&rsquo;s Cup les 31 mai et 1er juin"},"content":{"rendered":"\n<p><\/p>\n\n\n\n<h4 class=\"wp-block-heading\"><strong>Le RFC Li\u00e8ge accueille la Lucia\u2019s Cup les 31 mai et 1er juin avec, notamment, un match de gala le samedi \u00e0 18h00 !<\/strong><\/h4>\n\n\n\n<p>Le RFC Li\u00e8ge soutient ardemment Lucia\u2019s Hope, une cause qui nous tient particuli\u00e8rement \u00e0 c\u0153ur, en accueillant la Lucia\u2019s Cup au stade de Rocourt. Durant deux jours, le club vibrera au rythme de la solidarit\u00e9, de la jeunesse et du football engag\u00e9.<\/p>\n\n\n\n<p><strong>MATCH DE GALA<\/strong> (5\u20ac). Entre passion, souvenirs et \u00e9motion. Les anciens du RFCL seront coach\u00e9s par <strong>Ga\u00ebtan Englebert<\/strong> avec la pr\u00e9sence de <strong>Benoit Nyssen<\/strong> ! Avec notamment : <strong>Eric Vandebon, Jean-S\u00e9bastien Legros, Guillaume Legros, Kevin Guillaume, Ga\u00ebtan Audoor<\/strong>, &#8230; La Lucia\u2019s Team sera coach\u00e9e par <strong>Chris Makiese<\/strong>. Avec notamment : <strong>Brandon Deville, Alexandro Cavagnera, Landry Mulemo, Ritchie Kitoko, Lo\u00efc Reciputi, Dolly Menga, Steve Otte<\/strong>, \u2026<\/p>\n\n\n\n<p><strong>Au programme samedi 31\/05 :<br><\/strong>&#8211; 10h : tournoi U10 \u00e0 U12<br>&#8211; 16h30 : match parents<br>&#8211; 18h : match de gala RFCL Old Team-Lucia&rsquo;s Team<br>&#8211; 20h00 : concert du groupe \u201cShut Up &amp; Dance\u201d<br>&#8211; Une vente aux ench\u00e8res aura lieu avec des maillots, ballons et gants de gardiens d\u00e9dicac\u00e9s !<\/p>\n\n\n\n<p><strong>Au programme dimanche 01\/06 :<br><\/strong>&#8211; 9h : tournoi de U7 \u00e0 U9<br>&#8211; 14h : tournoi U13<br>&#8211; 18h : lacher de ballons<\/p>\n\n\n\n<p>Cet \u00e9v\u00e9nement est organis\u00e9 en hommage \u00e0 la petite Lucia, emport\u00e9e par une maladie mitochondriale rare. L\u2019ensemble des b\u00e9n\u00e9fices sera revers\u00e9 \u00e0 l\u2019ASBL Lucia\u2019s Hope, qui soutient la recherche m\u00e9dicale dans ce domaine.<\/p>\n\n\n\n<p>Le RFC Li\u00e8ge est honor\u00e9 de s\u2019associer \u00e0 cette belle initiative pour faire rayonner un message d\u2019espoir et de solidarit\u00e9. Plus d\u2019infos : <a rel=\"noreferrer noopener\" href=\"http:\/\/www.luciashope.be\" target=\"_blank\">www.luciashope.be<\/a><\/p>\n\n\n\n<figure class=\"wp-block-gallery has-nested-images columns-default is-cropped wp-block-gallery-1 is-layout-flex\">\n<figure class=\"wp-block-image size-large\"><img decoding=\"async\" loading=\"lazy\" width=\"724\" height=\"1024\" data-id=\"28658\"  src=\"https:\/\/fcliege.be\/fr\/wp-content\/uploads\/2025\/04\/lucia-724x1024.jpg\" alt=\"\" class=\"wp-image-28658\" srcset=\"https:\/\/fcliege.be\/fr\/wp-content\/uploads\/2025\/04\/lucia-724x1024.jpg 724w, https:\/\/fcliege.be\/fr\/wp-content\/uploads\/2025\/04\/lucia-212x300.jpg 212w, https:\/\/fcliege.be\/fr\/wp-content\/uploads\/2025\/04\/lucia-768x1086.jpg 768w, https:\/\/fcliege.be\/fr\/wp-content\/uploads\/2025\/04\/lucia-scaled.jpg 1810w\" sizes=\"(max-width: 724px) 100vw, 724px\" \/><\/figure>\n\n\n\n<figure class=\"wp-block-image size-large\"><img decoding=\"async\" loading=\"lazy\" width=\"724\" height=\"1024\" data-id=\"28659\"  src=\"https:\/\/fcliege.be\/fr\/wp-content\/uploads\/2025\/04\/lucia2-724x1024.jpg\" alt=\"\" class=\"wp-image-28659\" srcset=\"https:\/\/fcliege.be\/fr\/wp-content\/uploads\/2025\/04\/lucia2-724x1024.jpg 724w, https:\/\/fcliege.be\/fr\/wp-content\/uploads\/2025\/04\/lucia2-212x300.jpg 212w, https:\/\/fcliege.be\/fr\/wp-content\/uploads\/2025\/04\/lucia2-768x1086.jpg 768w, https:\/\/fcliege.be\/fr\/wp-content\/uploads\/2025\/04\/lucia2-scaled.jpg 1810w\" sizes=\"(max-width: 724px) 100vw, 724px\" \/><\/figure>\n<\/figure>\n","protected":false},"excerpt":{"rendered":"<p>Le RFC Li\u00e8ge accueille la Lucia\u2019s Cup les 31 mai et 1er juin avec, notamment, un match de gala le samedi \u00e0 18h00 ! Le RFC Li\u00e8ge soutient ardemment Lucia\u2019s Hope, une cause qui nous tient particuli\u00e8rement \u00e0 c\u0153ur, en accueillant la Lucia\u2019s Cup au stade de Rocourt. Durant deux jours, le club vibrera au [&hellip;]<\/p>\n","protected":false},"author":12,"featured_media":26485,"comment_status":"closed","ping_status":"closed","sticky":false,"template":"","format":"standard","meta":{"iawp_total_views":8},"categories":[25,24],"tags":[],"_links":{"self":[{"href":"https:\/\/fcliege.be\/fr\/wp-json\/wp\/v2\/posts\/28661"}],"collection":[{"href":"https:\/\/fcliege.be\/fr\/wp-json\/wp\/v2\/posts"}],"about":[{"href":"https:\/\/fcliege.be\/fr\/wp-json\/wp\/v2\/types\/post"}],"author":[{"embeddable":true,"href":"https:\/\/fcliege.be\/fr\/wp-json\/wp\/v2\/users\/12"}],"replies":[{"embeddable":true,"href":"https:\/\/fcliege.be\/fr\/wp-json\/wp\/v2\/comments?post=28661"}],"version-history":[{"count":13,"href":"https:\/\/fcliege.be\/fr\/wp-json\/wp\/v2\/posts\/28661\/revisions"}],"predecessor-version":[{"id":28791,"href":"https:\/\/fcliege.be\/fr\/wp-json\/wp\/v2\/posts\/28661\/revisions\/28791"}],"wp:featuredmedia":[{"embeddable":true,"href":"https:\/\/fcliege.be\/fr\/wp-json\/wp\/v2\/media\/26485"}],"wp:attachment":[{"href":"https:\/\/fcliege.be\/fr\/wp-json\/wp\/v2\/media?parent=28661"}],"wp:term":[{"taxonomy":"category","embeddable":true,"href":"https:\/\/fcliege.be\/fr\/wp-json\/wp\/v2\/categories?post=28661"},{"taxonomy":"post_tag","embeddable":true,"href":"https:\/\/fcliege.be\/fr\/wp-json\/wp\/v2\/tags?post=28661"}],"curies":[{"name":"wp","href":"https:\/\/api.w.org\/{rel}","templated":true}]}}