{"id":28793,"date":"2025-05-19T16:02:52","date_gmt":"2025-05-19T14:02:52","guid":{"rendered":"https:\/\/fcliege.be\/fr\/?p=28793"},"modified":"2025-05-19T16:02:52","modified_gmt":"2025-05-19T14:02:52","slug":"dames-resultat-du-week-end-9","status":"publish","type":"post","link":"https:\/\/fcliege.be\/fr\/dames-resultat-du-week-end-9\/","title":{"rendered":"Dames | R\u00e9sultat du week-end"},"content":{"rendered":"\n<p><\/p>\n\n\n\n<p><strong>D\u00e9couvrez les comptes-rendus des matchs de nos \u00e9quipes f\u00e9minines.<\/strong><\/p>\n\n\n\n<p><\/p>\n\n\n\n<p><strong>EQUIPE B<\/strong> : Eupen-RFC Li\u00e8ge 0-9<\/p>\n\n\n\n<p><strong>Direction la finale !<\/strong><\/p>\n\n\n\n<p>Ce dimanche, notre \u00e9quipe se rendait \u00e0 Eupen pour disputer une demi-finale face \u00e0 une formation redoutable de deuxi\u00e8me provinciale, auteure de plus de 100 buts cette saison. On le savait : pour se qualifier, il fallait livrer un match plein. Le plan \u00e9tait clair : jouer haut, serrer l\u2019adversaire et l\u2019emp\u00eacher de d\u00e9velopper son jeu.<\/p>\n\n\n\n<p>D\u00e8s l\u2019entame, nos filles \u00e9taient dans le bon tempo. Aude Duyckaerts, dans une forme \u00e9tincelante, ouvrait le score d\u00e8s la 11e minute (0-1). Eupen r\u00e9pondait par une intensit\u00e9 croissante, soutenue par un public venu en nombre. Mais notre collectif ne fl\u00e9chissait pas. \u00c0 la 28e, M\u00e9lanie doublait la mise (0-2), faisant souffler un vent d\u2019optimisme dans le camp li\u00e9geois. Juste avant la pause, Vita faisait parler sa vitesse : deux occasions, deux buts (40e et 45e), pour rentrer aux vestiaires avec une avance nette de 0-4.<\/p>\n\n\n\n<p>La deuxi\u00e8me p\u00e9riode reprenait sur le m\u00eame rythme. Marika lan\u00e7ait les hostilit\u00e9s \u00e0 la 65e (0-5), avant que Sophie Hutschemakers \u2013 malgr\u00e9 une blessure \u2013 ne s\u2019infiltre dans la d\u00e9fense pour inscrire le sixi\u00e8me but \u00e0 la 66e (0-6). Eupen, d\u00e9pass\u00e9, encaissait coup sur coup. Marika, en feu, ponctuait cette demi-finale d\u2019un tripl\u00e9 express (75e, 80e, 87e), scellant une victoire \u00e9clatante : 0-9.<\/p>\n\n\n\n<p>Le groupe a \u00e9t\u00e9 exemplaire, appliqu\u00e9, solidaire. Une performance collective magistrale, fruit d\u2019un travail s\u00e9rieux depuis deux semaines.<\/p>\n\n\n\n<p>Rendez-vous en finale !<\/p>\n","protected":false},"excerpt":{"rendered":"<p>D\u00e9couvrez les comptes-rendus des matchs de nos \u00e9quipes f\u00e9minines. EQUIPE B : Eupen-RFC Li\u00e8ge 0-9 Direction la finale ! Ce dimanche, notre \u00e9quipe se rendait \u00e0 Eupen pour disputer une demi-finale face \u00e0 une formation redoutable de deuxi\u00e8me provinciale, auteure de plus de 100 buts cette saison. On le savait : pour se qualifier, il [&hellip;]<\/p>\n","protected":false},"author":12,"featured_media":28797,"comment_status":"closed","ping_status":"closed","sticky":false,"template":"","format":"standard","meta":{"iawp_total_views":7},"categories":[70,24],"tags":[],"_links":{"self":[{"href":"https:\/\/fcliege.be\/fr\/wp-json\/wp\/v2\/posts\/28793"}],"collection":[{"href":"https:\/\/fcliege.be\/fr\/wp-json\/wp\/v2\/posts"}],"about":[{"href":"https:\/\/fcliege.be\/fr\/wp-json\/wp\/v2\/types\/post"}],"author":[{"embeddable":true,"href":"https:\/\/fcliege.be\/fr\/wp-json\/wp\/v2\/users\/12"}],"replies":[{"embeddable":true,"href":"https:\/\/fcliege.be\/fr\/wp-json\/wp\/v2\/comments?post=28793"}],"version-history":[{"count":2,"href":"https:\/\/fcliege.be\/fr\/wp-json\/wp\/v2\/posts\/28793\/revisions"}],"predecessor-version":[{"id":28798,"href":"https:\/\/fcliege.be\/fr\/wp-json\/wp\/v2\/posts\/28793\/revisions\/28798"}],"wp:featuredmedia":[{"embeddable":true,"href":"https:\/\/fcliege.be\/fr\/wp-json\/wp\/v2\/media\/28797"}],"wp:attachment":[{"href":"https:\/\/fcliege.be\/fr\/wp-json\/wp\/v2\/media?parent=28793"}],"wp:term":[{"taxonomy":"category","embeddable":true,"href":"https:\/\/fcliege.be\/fr\/wp-json\/wp\/v2\/categories?post=28793"},{"taxonomy":"post_tag","embeddable":true,"href":"https:\/\/fcliege.be\/fr\/wp-json\/wp\/v2\/tags?post=28793"}],"curies":[{"name":"wp","href":"https:\/\/api.w.org\/{rel}","templated":true}]}}