{"id":28811,"date":"2025-05-23T08:00:00","date_gmt":"2025-05-23T06:00:00","guid":{"rendered":"https:\/\/fcliege.be\/fr\/?p=28811"},"modified":"2025-06-01T11:06:52","modified_gmt":"2025-06-01T09:06:52","slug":"u16-finale-de-la-coupe-de-la-province","status":"publish","type":"post","link":"https:\/\/fcliege.be\/fr\/u16-finale-de-la-coupe-de-la-province\/","title":{"rendered":"U16 | Finale de la Coupe de la Province"},"content":{"rendered":"\n<p><\/p>\n\n\n\n<h4 class=\"wp-block-heading\"><strong>Finale de la Coupe de la Province pour nos U16 Provinciaux !<\/strong><\/h4>\n\n\n\n<p>Nos U16 Provinciaux disputeront la finale de la Coupe de la Province au CREF face \u00e0 Bl\u00e9gny. Cette qualification vient couronner une saison remarquable, marqu\u00e9e par un nouveau titre de champion \u2014 le deuxi\u00e8me cons\u00e9cutif \u2014 sous la direction de leur coach,<strong> Manuel Vandormael<\/strong>.<\/p>\n\n\n\n<p><strong>Rue Lambert Marlet, \u00e0 Blegny<br>Le samedi 31 mai \u00e0 12h15<\/strong><\/p>\n\n\n\n<p>Venez nombreux encourager cette belle g\u00e9n\u00e9ration Sang &amp; Marine !<\/p>\n","protected":false},"excerpt":{"rendered":"<p>Finale de la Coupe de la Province pour nos U16 Provinciaux ! Nos U16 Provinciaux disputeront la finale de la Coupe de la Province au CREF face \u00e0 Bl\u00e9gny. Cette qualification vient couronner une saison remarquable, marqu\u00e9e par un nouveau titre de champion \u2014 le deuxi\u00e8me cons\u00e9cutif \u2014 sous la direction de leur coach, Manuel [&hellip;]<\/p>\n","protected":false},"author":12,"featured_media":28812,"comment_status":"closed","ping_status":"closed","sticky":false,"template":"","format":"standard","meta":{"iawp_total_views":79},"categories":[23],"tags":[],"_links":{"self":[{"href":"https:\/\/fcliege.be\/fr\/wp-json\/wp\/v2\/posts\/28811"}],"collection":[{"href":"https:\/\/fcliege.be\/fr\/wp-json\/wp\/v2\/posts"}],"about":[{"href":"https:\/\/fcliege.be\/fr\/wp-json\/wp\/v2\/types\/post"}],"author":[{"embeddable":true,"href":"https:\/\/fcliege.be\/fr\/wp-json\/wp\/v2\/users\/12"}],"replies":[{"embeddable":true,"href":"https:\/\/fcliege.be\/fr\/wp-json\/wp\/v2\/comments?post=28811"}],"version-history":[{"count":1,"href":"https:\/\/fcliege.be\/fr\/wp-json\/wp\/v2\/posts\/28811\/revisions"}],"predecessor-version":[{"id":28813,"href":"https:\/\/fcliege.be\/fr\/wp-json\/wp\/v2\/posts\/28811\/revisions\/28813"}],"wp:featuredmedia":[{"embeddable":true,"href":"https:\/\/fcliege.be\/fr\/wp-json\/wp\/v2\/media\/28812"}],"wp:attachment":[{"href":"https:\/\/fcliege.be\/fr\/wp-json\/wp\/v2\/media?parent=28811"}],"wp:term":[{"taxonomy":"category","embeddable":true,"href":"https:\/\/fcliege.be\/fr\/wp-json\/wp\/v2\/categories?post=28811"},{"taxonomy":"post_tag","embeddable":true,"href":"https:\/\/fcliege.be\/fr\/wp-json\/wp\/v2\/tags?post=28811"}],"curies":[{"name":"wp","href":"https:\/\/api.w.org\/{rel}","templated":true}]}}