{"id":28818,"date":"2025-05-25T10:42:32","date_gmt":"2025-05-25T08:42:32","guid":{"rendered":"https:\/\/fcliege.be\/fr\/?p=28818"},"modified":"2025-05-25T10:43:48","modified_gmt":"2025-05-25T08:43:48","slug":"les-lidjeuses-en-d1","status":"publish","type":"post","link":"https:\/\/fcliege.be\/fr\/les-lidjeuses-en-d1\/","title":{"rendered":"Les L\u00eedjeuses en D1 !"},"content":{"rendered":"\n<p><\/p>\n\n\n\n<h4 class=\"wp-block-heading\"><strong>Le RFCL Rugby L\u00eedjeuses rejoint l\u2019\u00e9lite du rugby f\u00e9minin belge !<\/strong><\/h4>\n\n\n\n<p>Apr\u00e8s avoir perdu la finale de D2 face \u00e0 Namur le week-end dernier, les L\u00eedjeuses avaient encore une chance d\u2019acc\u00e9der \u00e0 la D1 via un match de barrage. Ce samedi, elles affrontaient l\u2019Antwerp, avant-dernier de l\u2019\u00e9lite, avec \u00e0 la cl\u00e9 un ticket pour la D1 la saison prochaine.<\/p>\n\n\n\n<p>Mission accomplie : nos L\u00eedjeuses se sont impos\u00e9es avec brio face aux Anversoises sur le score final de 22-10 et d\u00e9crochent ainsi leur mont\u00e9e en Division 1, rejoignant le RFCL Rugby Messieurs parmi l\u2019\u00e9lite du rugby belge !<\/p>\n\n\n\n<p>F\u00e9licitations \u00e0 toute l\u2019\u00e9quipe pour cette performance remarquable et cette accession m\u00e9rit\u00e9e. Rocourt vibrera encore plus fort la saison prochaine !<\/p>\n\n\n\n<p>Cr\u00e9dit photo : Sports by Mike Mazout<\/p>\n","protected":false},"excerpt":{"rendered":"<p>Le RFCL Rugby L\u00eedjeuses rejoint l\u2019\u00e9lite du rugby f\u00e9minin belge ! Apr\u00e8s avoir perdu la finale de D2 face \u00e0 Namur le week-end dernier, les L\u00eedjeuses avaient encore une chance d\u2019acc\u00e9der \u00e0 la D1 via un match de barrage. Ce samedi, elles affrontaient l\u2019Antwerp, avant-dernier de l\u2019\u00e9lite, avec \u00e0 la cl\u00e9 un ticket pour la [&hellip;]<\/p>\n","protected":false},"author":12,"featured_media":28819,"comment_status":"closed","ping_status":"closed","sticky":false,"template":"","format":"standard","meta":{"iawp_total_views":42},"categories":[48,24],"tags":[],"_links":{"self":[{"href":"https:\/\/fcliege.be\/fr\/wp-json\/wp\/v2\/posts\/28818"}],"collection":[{"href":"https:\/\/fcliege.be\/fr\/wp-json\/wp\/v2\/posts"}],"about":[{"href":"https:\/\/fcliege.be\/fr\/wp-json\/wp\/v2\/types\/post"}],"author":[{"embeddable":true,"href":"https:\/\/fcliege.be\/fr\/wp-json\/wp\/v2\/users\/12"}],"replies":[{"embeddable":true,"href":"https:\/\/fcliege.be\/fr\/wp-json\/wp\/v2\/comments?post=28818"}],"version-history":[{"count":4,"href":"https:\/\/fcliege.be\/fr\/wp-json\/wp\/v2\/posts\/28818\/revisions"}],"predecessor-version":[{"id":28823,"href":"https:\/\/fcliege.be\/fr\/wp-json\/wp\/v2\/posts\/28818\/revisions\/28823"}],"wp:featuredmedia":[{"embeddable":true,"href":"https:\/\/fcliege.be\/fr\/wp-json\/wp\/v2\/media\/28819"}],"wp:attachment":[{"href":"https:\/\/fcliege.be\/fr\/wp-json\/wp\/v2\/media?parent=28818"}],"wp:term":[{"taxonomy":"category","embeddable":true,"href":"https:\/\/fcliege.be\/fr\/wp-json\/wp\/v2\/categories?post=28818"},{"taxonomy":"post_tag","embeddable":true,"href":"https:\/\/fcliege.be\/fr\/wp-json\/wp\/v2\/tags?post=28818"}],"curies":[{"name":"wp","href":"https:\/\/api.w.org\/{rel}","templated":true}]}}