{"id":28824,"date":"2025-05-27T11:06:07","date_gmt":"2025-05-27T09:06:07","guid":{"rendered":"https:\/\/fcliege.be\/fr\/?p=28824"},"modified":"2025-05-27T11:06:07","modified_gmt":"2025-05-27T09:06:07","slug":"25-26-bruggeman-a-prolonge","status":"publish","type":"post","link":"https:\/\/fcliege.be\/fr\/25-26-bruggeman-a-prolonge\/","title":{"rendered":"25\/26 | Bruggeman a prolong\u00e9"},"content":{"rendered":"\n<p><\/p>\n\n\n\n<h4 class=\"wp-block-heading\"><strong>Le RFC Li\u00e8ge est heureux d\u2019annoncer la prolongation de contrat de Beno\u00eet Bruggeman. L\u2019ailier gauche de 28 ans a sign\u00e9 ce lundi un nouveau bail de deux saisons, prolongeant jusqu\u2019en 2027.<\/strong><\/h4>\n\n\n\n<p>Arriv\u00e9 \u00e0 Rocourt lors de la saison 2016\/2017, Beno\u00eet s\u2019appr\u00eate \u00e0 entamer sa dixi\u00e8me saison sous les couleurs Sang &amp; Marine. En 9 saisons, il a disput\u00e9 224 matchs officiels et inscrit 38 buts. La saison derni\u00e8re, il a encore d\u00e9montr\u00e9 toute son importance dans le noyau li\u00e9geois en participant \u00e0 23 rencontres de championnat.<\/p>\n\n\n\n<p>Joueur cadre, fid\u00e8le et exemplaire, il incarne parfaitement les valeurs du club. Le RFC Li\u00e8ge se r\u00e9jouit de pouvoir compter sur lui pour poursuivre le projet collectif.<\/p>\n\n\n\n<p><strong>Beno\u00eet Bruggeman<\/strong> : <em>\u00ab\u00a0Je suis tr\u00e8s heureux de prolonger mon aventure avec le RFC Li\u00e8ge, ce club embl\u00e9matique. Ces derni\u00e8res saisons, nous avons franchi plusieurs paliers ensemble. J\u2019esp\u00e8re pouvoir apporter encore plus de plaisir et de victoires aux supporters, notamment \u00e0 domicile, en \u00e9tant plus r\u00e9gulier tout au long de la saison.\u00a0\u00bb<\/em><\/p>\n\n\n\n<p><strong>Ga\u00ebtan Englebert<\/strong> : <em>\u00ab\u00a0Beno\u00eet fait \u00e9galement partie des anciens qui ont accompagn\u00e9 l\u2019\u00e9volution du club ces derni\u00e8res ann\u00e9es. Cette prolongation lui permettra de continuer \u00e0 exprimer ses qualit\u00e9s et sa vitesse, qui feront la diff\u00e9rence dans les saisons \u00e0 venir.\u00a0\u00bb<\/em><\/p>\n\n\n\n<figure class=\"wp-block-gallery has-nested-images columns-default is-cropped wp-block-gallery-1 is-layout-flex\">\n<figure class=\"wp-block-image size-large\"><img decoding=\"async\" loading=\"lazy\" width=\"683\" height=\"1024\" data-id=\"28844\"  src=\"https:\/\/fcliege.be\/fr\/wp-content\/uploads\/2025\/05\/20250526_RFC-LIEGE_Bruggeman.B-5108-683x1024.jpg\" alt=\"\" class=\"wp-image-28844\" srcset=\"https:\/\/fcliege.be\/fr\/wp-content\/uploads\/2025\/05\/20250526_RFC-LIEGE_Bruggeman.B-5108-683x1024.jpg 683w, https:\/\/fcliege.be\/fr\/wp-content\/uploads\/2025\/05\/20250526_RFC-LIEGE_Bruggeman.B-5108-200x300.jpg 200w, https:\/\/fcliege.be\/fr\/wp-content\/uploads\/2025\/05\/20250526_RFC-LIEGE_Bruggeman.B-5108-768x1152.jpg 768w, https:\/\/fcliege.be\/fr\/wp-content\/uploads\/2025\/05\/20250526_RFC-LIEGE_Bruggeman.B-5108-scaled.jpg 1707w\" sizes=\"(max-width: 683px) 100vw, 683px\" \/><\/figure>\n\n\n\n<figure class=\"wp-block-image size-large\"><img decoding=\"async\" loading=\"lazy\" width=\"1024\" height=\"683\" data-id=\"28843\"  src=\"https:\/\/fcliege.be\/fr\/wp-content\/uploads\/2025\/05\/20250526_RFC-LIEGE_Bruggeman.B-5135-1024x683.jpg\" alt=\"\" class=\"wp-image-28843\" srcset=\"https:\/\/fcliege.be\/fr\/wp-content\/uploads\/2025\/05\/20250526_RFC-LIEGE_Bruggeman.B-5135-1024x683.jpg 1024w, https:\/\/fcliege.be\/fr\/wp-content\/uploads\/2025\/05\/20250526_RFC-LIEGE_Bruggeman.B-5135-300x200.jpg 300w, https:\/\/fcliege.be\/fr\/wp-content\/uploads\/2025\/05\/20250526_RFC-LIEGE_Bruggeman.B-5135-768x512.jpg 768w\" sizes=\"(max-width: 1024px) 100vw, 1024px\" \/><\/figure>\n\n\n\n<figure class=\"wp-block-image size-large\"><img decoding=\"async\" loading=\"lazy\" width=\"1024\" height=\"683\" data-id=\"28842\"  src=\"https:\/\/fcliege.be\/fr\/wp-content\/uploads\/2025\/05\/bruggeman-1-1024x683.jpg\" alt=\"\" class=\"wp-image-28842\" srcset=\"https:\/\/fcliege.be\/fr\/wp-content\/uploads\/2025\/05\/bruggeman-1-1024x683.jpg 1024w, https:\/\/fcliege.be\/fr\/wp-content\/uploads\/2025\/05\/bruggeman-1-300x200.jpg 300w, https:\/\/fcliege.be\/fr\/wp-content\/uploads\/2025\/05\/bruggeman-1-768x512.jpg 768w\" sizes=\"(max-width: 1024px) 100vw, 1024px\" \/><\/figure>\n<\/figure>\n","protected":false},"excerpt":{"rendered":"<p>Le RFC Li\u00e8ge est heureux d\u2019annoncer la prolongation de contrat de Beno\u00eet Bruggeman. L\u2019ailier gauche de 28 ans a sign\u00e9 ce lundi un nouveau bail de deux saisons, prolongeant jusqu\u2019en 2027. Arriv\u00e9 \u00e0 Rocourt lors de la saison 2016\/2017, Beno\u00eet s\u2019appr\u00eate \u00e0 entamer sa dixi\u00e8me saison sous les couleurs Sang &amp; Marine. En 9 saisons, [&hellip;]<\/p>\n","protected":false},"author":12,"featured_media":28839,"comment_status":"closed","ping_status":"closed","sticky":false,"template":"","format":"standard","meta":{"iawp_total_views":17},"categories":[24,26],"tags":[],"_links":{"self":[{"href":"https:\/\/fcliege.be\/fr\/wp-json\/wp\/v2\/posts\/28824"}],"collection":[{"href":"https:\/\/fcliege.be\/fr\/wp-json\/wp\/v2\/posts"}],"about":[{"href":"https:\/\/fcliege.be\/fr\/wp-json\/wp\/v2\/types\/post"}],"author":[{"embeddable":true,"href":"https:\/\/fcliege.be\/fr\/wp-json\/wp\/v2\/users\/12"}],"replies":[{"embeddable":true,"href":"https:\/\/fcliege.be\/fr\/wp-json\/wp\/v2\/comments?post=28824"}],"version-history":[{"count":7,"href":"https:\/\/fcliege.be\/fr\/wp-json\/wp\/v2\/posts\/28824\/revisions"}],"predecessor-version":[{"id":28846,"href":"https:\/\/fcliege.be\/fr\/wp-json\/wp\/v2\/posts\/28824\/revisions\/28846"}],"wp:featuredmedia":[{"embeddable":true,"href":"https:\/\/fcliege.be\/fr\/wp-json\/wp\/v2\/media\/28839"}],"wp:attachment":[{"href":"https:\/\/fcliege.be\/fr\/wp-json\/wp\/v2\/media?parent=28824"}],"wp:term":[{"taxonomy":"category","embeddable":true,"href":"https:\/\/fcliege.be\/fr\/wp-json\/wp\/v2\/categories?post=28824"},{"taxonomy":"post_tag","embeddable":true,"href":"https:\/\/fcliege.be\/fr\/wp-json\/wp\/v2\/tags?post=28824"}],"curies":[{"name":"wp","href":"https:\/\/api.w.org\/{rel}","templated":true}]}}