{"id":28874,"date":"2025-06-03T11:46:28","date_gmt":"2025-06-03T09:46:28","guid":{"rendered":"https:\/\/fcliege.be\/fr\/?p=28874"},"modified":"2025-06-03T11:46:28","modified_gmt":"2025-06-03T09:46:28","slug":"prepa-calendrier-des-amicaux","status":"publish","type":"post","link":"https:\/\/fcliege.be\/fr\/prepa-calendrier-des-amicaux\/","title":{"rendered":"Pr\u00e9pa | Calendrier des amicaux"},"content":{"rendered":"\n<p><\/p>\n\n\n\n<h4 class=\"wp-block-heading\"><strong>La saison 2025-2026 sera officiellement lanc\u00e9e le 16 juin !<\/strong><\/h4>\n\n\n\n<p>Li\u00e8ge reprendra les entra\u00eenements le lundi 16 juin pour une premi\u00e8re phase de pr\u00e9paration, jusqu&rsquo;au 27 juin, avec deux amicaux au programme, contre Rochefort et \u00e0 Richelle.<\/p>\n\n\n\n<p>La seconde reprise aura lieu le lundi 7 juillet et m\u00e8nera les Sang &amp; Marine vers la suite des rencontres amicales et les premiers matchs officiels. La J1 de D1B est fix\u00e9e au 8-9-10 ao\u00fbt.<br><\/p>\n\n\n\n<figure class=\"wp-block-image size-large\"><img decoding=\"async\" loading=\"lazy\" width=\"819\" height=\"1024\" src=\"https:\/\/fcliege.be\/fr\/wp-content\/uploads\/2025\/06\/Programme-ete-819x1024.jpg\" alt=\"\" class=\"wp-image-28908\" srcset=\"https:\/\/fcliege.be\/fr\/wp-content\/uploads\/2025\/06\/Programme-ete-819x1024.jpg 819w, https:\/\/fcliege.be\/fr\/wp-content\/uploads\/2025\/06\/Programme-ete-240x300.jpg 240w, https:\/\/fcliege.be\/fr\/wp-content\/uploads\/2025\/06\/Programme-ete-768x960.jpg 768w, https:\/\/fcliege.be\/fr\/wp-content\/uploads\/2025\/06\/Programme-ete.jpg 1600w\" sizes=\"(max-width: 819px) 100vw, 819px\" \/><\/figure>\n","protected":false},"excerpt":{"rendered":"<p>La saison 2025-2026 sera officiellement lanc\u00e9e le 16 juin ! Li\u00e8ge reprendra les entra\u00eenements le lundi 16 juin pour une premi\u00e8re phase de pr\u00e9paration, jusqu&rsquo;au 27 juin, avec deux amicaux au programme, contre Rochefort et \u00e0 Richelle. La seconde reprise aura lieu le lundi 7 juillet et m\u00e8nera les Sang &amp; Marine vers la suite [&hellip;]<\/p>\n","protected":false},"author":12,"featured_media":28877,"comment_status":"closed","ping_status":"closed","sticky":false,"template":"","format":"standard","meta":{"iawp_total_views":47},"categories":[24,26],"tags":[],"_links":{"self":[{"href":"https:\/\/fcliege.be\/fr\/wp-json\/wp\/v2\/posts\/28874"}],"collection":[{"href":"https:\/\/fcliege.be\/fr\/wp-json\/wp\/v2\/posts"}],"about":[{"href":"https:\/\/fcliege.be\/fr\/wp-json\/wp\/v2\/types\/post"}],"author":[{"embeddable":true,"href":"https:\/\/fcliege.be\/fr\/wp-json\/wp\/v2\/users\/12"}],"replies":[{"embeddable":true,"href":"https:\/\/fcliege.be\/fr\/wp-json\/wp\/v2\/comments?post=28874"}],"version-history":[{"count":7,"href":"https:\/\/fcliege.be\/fr\/wp-json\/wp\/v2\/posts\/28874\/revisions"}],"predecessor-version":[{"id":28909,"href":"https:\/\/fcliege.be\/fr\/wp-json\/wp\/v2\/posts\/28874\/revisions\/28909"}],"wp:featuredmedia":[{"embeddable":true,"href":"https:\/\/fcliege.be\/fr\/wp-json\/wp\/v2\/media\/28877"}],"wp:attachment":[{"href":"https:\/\/fcliege.be\/fr\/wp-json\/wp\/v2\/media?parent=28874"}],"wp:term":[{"taxonomy":"category","embeddable":true,"href":"https:\/\/fcliege.be\/fr\/wp-json\/wp\/v2\/categories?post=28874"},{"taxonomy":"post_tag","embeddable":true,"href":"https:\/\/fcliege.be\/fr\/wp-json\/wp\/v2\/tags?post=28874"}],"curies":[{"name":"wp","href":"https:\/\/api.w.org\/{rel}","templated":true}]}}