{"id":29009,"date":"2025-06-17T16:15:00","date_gmt":"2025-06-17T14:15:00","guid":{"rendered":"https:\/\/fcliege.be\/fr\/?p=29009"},"modified":"2025-06-21T17:28:28","modified_gmt":"2025-06-21T15:28:28","slug":"25-26-reynaerts","status":"publish","type":"post","link":"https:\/\/fcliege.be\/fr\/25-26-reynaerts\/","title":{"rendered":"25\/26 | +1 pour Reynaerts !"},"content":{"rendered":"\n<p><\/p>\n\n\n\n<h4 class=\"wp-block-heading\"><strong>Stephen Reynaerts prolonge au RFC Li\u00e8ge !<\/strong><\/h4>\n\n\n\n<p>Le jeune milieu de terrain polyvalent,<strong> Stephen Reynaerts<\/strong>, f\u00eate aujourd\u2019hui ses 20 ans en signant une prolongation d\u2019un an (+ un an en option) avec le RFC Li\u00e8ge. Il a r\u00e9cemment fait ses d\u00e9buts en \u00e9quipe premi\u00e8re lors du dernier match de la saison 2024-2025 face \u00e0 Jong Genk.<\/p>\n\n\n\n<p>En parall\u00e8le de sa carri\u00e8re de footballeur, Stephen poursuit ses \u00e9tudes d&rsquo;ing\u00e9nieur commercial \u00e0 l\u2019Universit\u00e9 d\u2019Hasselt. Le club se r\u00e9jouit de continuer cette belle aventure avec un joueur prometteur, pr\u00eat \u00e0 d\u00e9montrer tout son potentiel lors de la saison 2025-2026.<\/p>\n\n\n\n<p>Stephen Reynaerts : <em>\u00ab\u00a0Je suis fier de prolonger \u00e0 Li\u00e8ge, un club ambitieux. Je suis content de mon \u00e9volution durant mes six premiers mois au club et je suis pr\u00eat \u00e0 encore progresser durant les deux prochaines saisons. J&rsquo;esp\u00e8re jouer, marquer, donner des assists et f\u00eater beaucoup de victoires avec les supporters.\u00a0\u00bb<\/em><\/p>\n\n\n\n<p><strong>Ga\u00ebtan Englebert<\/strong> : <em>\u00ab\u00a0Stephen est un jeune joueur qui dispose d\u2019une belle marge de progression et qui apporte d\u00e9j\u00e0 une plus-value au groupe. Dot\u00e9 d\u2019un bon mental et tr\u00e8s bien int\u00e9gr\u00e9 apr\u00e8s les six premiers mois, il aura ainsi l\u2019opportunit\u00e9 de progresser et de franchir un nouveau cap.\u00a0\u00bb<\/em><\/p>\n\n\n\n<p>Le RFC Li\u00e8ge croit fermement en son potentiel et se r\u00e9jouit de l\u2019accompagner dans cette nouvelle \u00e9tape.<\/p>\n","protected":false},"excerpt":{"rendered":"<p>Stephen Reynaerts prolonge au RFC Li\u00e8ge ! Le jeune milieu de terrain polyvalent, Stephen Reynaerts, f\u00eate aujourd\u2019hui ses 20 ans en signant une prolongation d\u2019un an (+ un an en option) avec le RFC Li\u00e8ge. Il a r\u00e9cemment fait ses d\u00e9buts en \u00e9quipe premi\u00e8re lors du dernier match de la saison 2024-2025 face \u00e0 Jong [&hellip;]<\/p>\n","protected":false},"author":12,"featured_media":29059,"comment_status":"closed","ping_status":"closed","sticky":false,"template":"","format":"standard","meta":{"iawp_total_views":19},"categories":[26],"tags":[],"_links":{"self":[{"href":"https:\/\/fcliege.be\/fr\/wp-json\/wp\/v2\/posts\/29009"}],"collection":[{"href":"https:\/\/fcliege.be\/fr\/wp-json\/wp\/v2\/posts"}],"about":[{"href":"https:\/\/fcliege.be\/fr\/wp-json\/wp\/v2\/types\/post"}],"author":[{"embeddable":true,"href":"https:\/\/fcliege.be\/fr\/wp-json\/wp\/v2\/users\/12"}],"replies":[{"embeddable":true,"href":"https:\/\/fcliege.be\/fr\/wp-json\/wp\/v2\/comments?post=29009"}],"version-history":[{"count":9,"href":"https:\/\/fcliege.be\/fr\/wp-json\/wp\/v2\/posts\/29009\/revisions"}],"predecessor-version":[{"id":29058,"href":"https:\/\/fcliege.be\/fr\/wp-json\/wp\/v2\/posts\/29009\/revisions\/29058"}],"wp:featuredmedia":[{"embeddable":true,"href":"https:\/\/fcliege.be\/fr\/wp-json\/wp\/v2\/media\/29059"}],"wp:attachment":[{"href":"https:\/\/fcliege.be\/fr\/wp-json\/wp\/v2\/media?parent=29009"}],"wp:term":[{"taxonomy":"category","embeddable":true,"href":"https:\/\/fcliege.be\/fr\/wp-json\/wp\/v2\/categories?post=29009"},{"taxonomy":"post_tag","embeddable":true,"href":"https:\/\/fcliege.be\/fr\/wp-json\/wp\/v2\/tags?post=29009"}],"curies":[{"name":"wp","href":"https:\/\/api.w.org\/{rel}","templated":true}]}}