{"id":29142,"date":"2025-07-07T23:27:26","date_gmt":"2025-07-07T21:27:26","guid":{"rendered":"https:\/\/fcliege.be\/fr\/?p=29142"},"modified":"2025-07-13T21:18:27","modified_gmt":"2025-07-13T19:18:27","slug":"a-rocourt-le-13-juillet","status":"publish","type":"post","link":"https:\/\/fcliege.be\/fr\/a-rocourt-le-13-juillet\/","title":{"rendered":"Rendez-vous \u00e0 Rocourt le 13\/07"},"content":{"rendered":"\n<p><\/p>\n\n\n\n<h4 class=\"wp-block-heading\"><strong>Le 13 juillet, nous vous convions \u00e0 un \u00e9v\u00e9nement sp\u00e9cial d\u00e8s 18h.<\/strong><\/h4>\n\n\n\n<p>Vous assisterez \u00e0 un<strong> entra\u00eenement ouvert<\/strong> de l&rsquo;\u00e9quipe A.<\/p>\n\n\n\n<p>Une permanence <strong>ticketing et abonnements<\/strong> sera accessible, ainsi qu&rsquo;une petite <strong>restauration<\/strong>.<\/p>\n\n\n\n<p>D\u00e8s 21h00, nous suivrons ensemble la <strong>finale de la Coupe du Monde des clubs <\/strong>avec des invit\u00e9s ext\u00e9rieurs en fonction des \u00e9quipes finalistes. Les joueurs seront \u00e9galement pr\u00e9sents.<\/p>\n\n\n\n<p>Vous souhaitez \u00eatre pr\u00e9sent? Merci de vous inscrire pour ce vendredi 11\/07 au plus tard.<\/p>\n\n\n\n<p><strong><a href=\"https:\/\/forms.gle\/6KFgTNysxvbzwTGE7\" target=\"_blank\" rel=\"noreferrer noopener\">&gt; Inscription via NOTRE FORMULAIRE<\/a><\/strong><\/p>\n","protected":false},"excerpt":{"rendered":"<p>Le 13 juillet, nous vous convions \u00e0 un \u00e9v\u00e9nement sp\u00e9cial d\u00e8s 18h. Vous assisterez \u00e0 un entra\u00eenement ouvert de l&rsquo;\u00e9quipe A. Une permanence ticketing et abonnements sera accessible, ainsi qu&rsquo;une petite restauration. D\u00e8s 21h00, nous suivrons ensemble la finale de la Coupe du Monde des clubs avec des invit\u00e9s ext\u00e9rieurs en fonction des \u00e9quipes finalistes. [&hellip;]<\/p>\n","protected":false},"author":12,"featured_media":29144,"comment_status":"closed","ping_status":"closed","sticky":false,"template":"","format":"standard","meta":{"iawp_total_views":13},"categories":[25,28],"tags":[],"_links":{"self":[{"href":"https:\/\/fcliege.be\/fr\/wp-json\/wp\/v2\/posts\/29142"}],"collection":[{"href":"https:\/\/fcliege.be\/fr\/wp-json\/wp\/v2\/posts"}],"about":[{"href":"https:\/\/fcliege.be\/fr\/wp-json\/wp\/v2\/types\/post"}],"author":[{"embeddable":true,"href":"https:\/\/fcliege.be\/fr\/wp-json\/wp\/v2\/users\/12"}],"replies":[{"embeddable":true,"href":"https:\/\/fcliege.be\/fr\/wp-json\/wp\/v2\/comments?post=29142"}],"version-history":[{"count":10,"href":"https:\/\/fcliege.be\/fr\/wp-json\/wp\/v2\/posts\/29142\/revisions"}],"predecessor-version":[{"id":29316,"href":"https:\/\/fcliege.be\/fr\/wp-json\/wp\/v2\/posts\/29142\/revisions\/29316"}],"wp:featuredmedia":[{"embeddable":true,"href":"https:\/\/fcliege.be\/fr\/wp-json\/wp\/v2\/media\/29144"}],"wp:attachment":[{"href":"https:\/\/fcliege.be\/fr\/wp-json\/wp\/v2\/media?parent=29142"}],"wp:term":[{"taxonomy":"category","embeddable":true,"href":"https:\/\/fcliege.be\/fr\/wp-json\/wp\/v2\/categories?post=29142"},{"taxonomy":"post_tag","embeddable":true,"href":"https:\/\/fcliege.be\/fr\/wp-json\/wp\/v2\/tags?post=29142"}],"curies":[{"name":"wp","href":"https:\/\/api.w.org\/{rel}","templated":true}]}}