{"id":29255,"date":"2025-08-04T15:00:00","date_gmt":"2025-08-04T13:00:00","guid":{"rendered":"https:\/\/fcliege.be\/fr\/?p=29255"},"modified":"2025-08-03T19:39:48","modified_gmt":"2025-08-03T17:39:48","slug":"fan-day-merci-a-nos-partenaires","status":"publish","type":"post","link":"https:\/\/fcliege.be\/fr\/fan-day-merci-a-nos-partenaires\/","title":{"rendered":"Fan Day | Merci \u00e0 nos partenaires !"},"content":{"rendered":"\n<p><\/p>\n\n\n\n<h4 class=\"wp-block-heading\"><strong>Le RFC Li\u00e8ge tient \u00e0 remercier chaleureusement l\u2019ensemble de ses partenaires qui ont contribu\u00e9 \u00e0 la r\u00e9ussite de ce Fan Day.<\/strong><\/h4>\n\n\n\n<p>Un merci particulier \u00e0 la <strong>Ville de Li\u00e8ge<\/strong> pour la mise \u00e0 disposition du mat\u00e9riel logistique (tonnelles, podium, \u00e9quipements), \u00e0 <strong>Thomas &amp; Piron<\/strong> pour son soutien fid\u00e8le aux activit\u00e9s enfants, ainsi qu\u2019\u00e0 <strong>Proximus<\/strong>, pr\u00e9sent pour la premi\u00e8re fois \u00e0 nos c\u00f4t\u00e9s.<\/p>\n\n\n\n<p>Nous saluons \u00e9galement l\u2019implication de <strong>Li\u00e8ge Sport<\/strong>, des <strong>Panthers <\/strong>et des <strong>Bulldogs de Li\u00e8ge <\/strong>pour les animations sportives propos\u00e9es tout au long de la journ\u00e9e.<\/p>\n\n\n\n<p>Enfin, un grand merci \u00e0 tous les partenaires pr\u00e9sents sur le site : <strong>La Meuse<\/strong>, <strong>Maximum FM<\/strong>, <strong>Qu4tre<\/strong>, <strong>Abalone<\/strong>, et bien d\u2019autres.<\/p>\n\n\n\n<p>C\u2019est gr\u00e2ce \u00e0 vous que cette journ\u00e9e rassembleuse a pu voir le jour dans les meilleures conditions !<\/p>\n","protected":false},"excerpt":{"rendered":"<p>Le RFC Li\u00e8ge tient \u00e0 remercier chaleureusement l\u2019ensemble de ses partenaires qui ont contribu\u00e9 \u00e0 la r\u00e9ussite de ce Fan Day. Un merci particulier \u00e0 la Ville de Li\u00e8ge pour la mise \u00e0 disposition du mat\u00e9riel logistique (tonnelles, podium, \u00e9quipements), \u00e0 Thomas &amp; Piron pour son soutien fid\u00e8le aux activit\u00e9s enfants, ainsi qu\u2019\u00e0 Proximus, pr\u00e9sent [&hellip;]<\/p>\n","protected":false},"author":12,"featured_media":29617,"comment_status":"closed","ping_status":"closed","sticky":false,"template":"","format":"standard","meta":{"iawp_total_views":4},"categories":[25,24,28],"tags":[],"_links":{"self":[{"href":"https:\/\/fcliege.be\/fr\/wp-json\/wp\/v2\/posts\/29255"}],"collection":[{"href":"https:\/\/fcliege.be\/fr\/wp-json\/wp\/v2\/posts"}],"about":[{"href":"https:\/\/fcliege.be\/fr\/wp-json\/wp\/v2\/types\/post"}],"author":[{"embeddable":true,"href":"https:\/\/fcliege.be\/fr\/wp-json\/wp\/v2\/users\/12"}],"replies":[{"embeddable":true,"href":"https:\/\/fcliege.be\/fr\/wp-json\/wp\/v2\/comments?post=29255"}],"version-history":[{"count":2,"href":"https:\/\/fcliege.be\/fr\/wp-json\/wp\/v2\/posts\/29255\/revisions"}],"predecessor-version":[{"id":29257,"href":"https:\/\/fcliege.be\/fr\/wp-json\/wp\/v2\/posts\/29255\/revisions\/29257"}],"wp:featuredmedia":[{"embeddable":true,"href":"https:\/\/fcliege.be\/fr\/wp-json\/wp\/v2\/media\/29617"}],"wp:attachment":[{"href":"https:\/\/fcliege.be\/fr\/wp-json\/wp\/v2\/media?parent=29255"}],"wp:term":[{"taxonomy":"category","embeddable":true,"href":"https:\/\/fcliege.be\/fr\/wp-json\/wp\/v2\/categories?post=29255"},{"taxonomy":"post_tag","embeddable":true,"href":"https:\/\/fcliege.be\/fr\/wp-json\/wp\/v2\/tags?post=29255"}],"curies":[{"name":"wp","href":"https:\/\/api.w.org\/{rel}","templated":true}]}}