{"id":29305,"date":"2025-07-08T09:00:00","date_gmt":"2025-07-08T07:00:00","guid":{"rendered":"https:\/\/fcliege.be\/fr\/?p=29305"},"modified":"2025-07-07T22:32:57","modified_gmt":"2025-07-07T20:32:57","slug":"staff-au-complet-pour-la-reprise","status":"publish","type":"post","link":"https:\/\/fcliege.be\/fr\/staff-au-complet-pour-la-reprise\/","title":{"rendered":"Staff | Au complet pour la reprise"},"content":{"rendered":"\n<p><\/p>\n\n\n\n<h4 class=\"wp-block-heading\"><strong>Apr\u00e8s une semaine de cong\u00e9, l\u2019\u00e9quipe du RFC Li\u00e8ge a fait sa reprise des entra\u00eenements avec un staff au complet, suite \u00e0 un l\u00e9ger remaniement.<\/strong><\/h4>\n\n\n\n<p><strong>S\u00e9bastien Huyghe<\/strong> fait son retour en tant que pr\u00e9parateur physique, aux c\u00f4t\u00e9s de <strong>Fr\u00e9d\u00e9ric Closset<\/strong>, qui assumera \u00e9galement le r\u00f4le d&rsquo;analyste vid\u00e9o.<\/p>\n\n\n\n<p>De son c\u00f4t\u00e9, <strong>Fabrice Cristallini<\/strong> quitte le staff de l&rsquo;\u00e9quipe premi\u00e8re, mais continuera \u00e0 travailler avec les U18. Il prendra \u00e9galement en charge la collaboration avec le R. Aywaille FC pour soutenir le d\u00e9veloppement des jeunes talents du RFC Li\u00e8ge.<\/p>\n","protected":false},"excerpt":{"rendered":"<p>Apr\u00e8s une semaine de cong\u00e9, l\u2019\u00e9quipe du RFC Li\u00e8ge a fait sa reprise des entra\u00eenements avec un staff au complet, suite \u00e0 un l\u00e9ger remaniement. S\u00e9bastien Huyghe fait son retour en tant que pr\u00e9parateur physique, aux c\u00f4t\u00e9s de Fr\u00e9d\u00e9ric Closset, qui assumera \u00e9galement le r\u00f4le d&rsquo;analyste vid\u00e9o. De son c\u00f4t\u00e9, Fabrice Cristallini quitte le staff [&hellip;]<\/p>\n","protected":false},"author":12,"featured_media":29312,"comment_status":"closed","ping_status":"closed","sticky":false,"template":"","format":"standard","meta":{"iawp_total_views":24},"categories":[24,26],"tags":[],"_links":{"self":[{"href":"https:\/\/fcliege.be\/fr\/wp-json\/wp\/v2\/posts\/29305"}],"collection":[{"href":"https:\/\/fcliege.be\/fr\/wp-json\/wp\/v2\/posts"}],"about":[{"href":"https:\/\/fcliege.be\/fr\/wp-json\/wp\/v2\/types\/post"}],"author":[{"embeddable":true,"href":"https:\/\/fcliege.be\/fr\/wp-json\/wp\/v2\/users\/12"}],"replies":[{"embeddable":true,"href":"https:\/\/fcliege.be\/fr\/wp-json\/wp\/v2\/comments?post=29305"}],"version-history":[{"count":2,"href":"https:\/\/fcliege.be\/fr\/wp-json\/wp\/v2\/posts\/29305\/revisions"}],"predecessor-version":[{"id":29311,"href":"https:\/\/fcliege.be\/fr\/wp-json\/wp\/v2\/posts\/29305\/revisions\/29311"}],"wp:featuredmedia":[{"embeddable":true,"href":"https:\/\/fcliege.be\/fr\/wp-json\/wp\/v2\/media\/29312"}],"wp:attachment":[{"href":"https:\/\/fcliege.be\/fr\/wp-json\/wp\/v2\/media?parent=29305"}],"wp:term":[{"taxonomy":"category","embeddable":true,"href":"https:\/\/fcliege.be\/fr\/wp-json\/wp\/v2\/categories?post=29305"},{"taxonomy":"post_tag","embeddable":true,"href":"https:\/\/fcliege.be\/fr\/wp-json\/wp\/v2\/tags?post=29305"}],"curies":[{"name":"wp","href":"https:\/\/api.w.org\/{rel}","templated":true}]}}