{"id":29326,"date":"2025-07-10T09:00:00","date_gmt":"2025-07-10T07:00:00","guid":{"rendered":"https:\/\/fcliege.be\/fr\/?p=29326"},"modified":"2025-07-09T21:36:32","modified_gmt":"2025-07-09T19:36:32","slug":"25-26-mpenza","status":"publish","type":"post","link":"https:\/\/fcliege.be\/fr\/25-26-mpenza\/","title":{"rendered":"25\/26 | Joshua Mpenza prolonge !"},"content":{"rendered":"\n<p><\/p>\n\n\n\n<h4 class=\"wp-block-heading\"><strong>Nouvelle \u00e9tape dans la carri\u00e8re de Joshua Mpenza, qui vient de signer une prolongation de contrat de trois saisons avec le RFC Li\u00e8ge.<\/strong><\/h4>\n\n\n\n<p>\u00c0 19 ans, le jeune gardien poursuit son d\u00e9veloppement au sein du club, apr\u00e8s avoir sign\u00e9 son premier contrat professionnel \u00e0 l\u2019aube de la saison derni\u00e8re.<\/p>\n\n\n\n<p>Cette prolongation marque la volont\u00e9 du club de miser sur la jeunesse et de faire confiance \u00e0 ses talents. Joshua continuera son apprentissage sous la houlette de <strong>Pierre Drouguet<\/strong>.<\/p>\n\n\n\n<p><strong>Joshua Mpenza<\/strong> : <em>\u00ab\u00a0Je suis tr\u00e8s heureux de prolonger mon aventure au RFC Li\u00e8ge et fier de la confiance que le club m\u2019accorde pour les trois prochaines ann\u00e9es. Mon objectif est clair : gagner du temps de jeu et poursuivre ma progression.\u00a0\u00bb<\/em><\/p>\n\n\n\n<p><strong>Ga\u00ebtan Englebert<\/strong> : \u00ab\u00a0<em>Joshua a d\u00e9montr\u00e9 au cours des deux derni\u00e8res saisons qu\u2019il avait le potentiel pour \u00e9voluer au niveau professionnel. La signature d\u2019un contrat de trois ans montre clairement la confiance que nous pla\u00e7ons en lui. Il est bien entour\u00e9, ce qui lui offre les meilleures conditions pour continuer \u00e0 progresser.\u00a0\u00bb<\/em><\/p>\n\n\n\n<p>Le RFC Li\u00e8ge croit fermement en son potentiel et se r\u00e9jouit de l\u2019accompagner dans cette nouvelle \u00e9tape.<\/p>\n\n\n\n<figure class=\"wp-block-gallery has-nested-images columns-default is-cropped wp-block-gallery-1 is-layout-flex\">\n<figure class=\"wp-block-image size-large\"><img decoding=\"async\" loading=\"lazy\" width=\"683\" height=\"1024\" data-id=\"29351\"  src=\"https:\/\/fcliege.be\/fr\/wp-content\/uploads\/2025\/07\/DSC8534-683x1024.jpg\" alt=\"\" class=\"wp-image-29351\" srcset=\"https:\/\/fcliege.be\/fr\/wp-content\/uploads\/2025\/07\/DSC8534-683x1024.jpg 683w, https:\/\/fcliege.be\/fr\/wp-content\/uploads\/2025\/07\/DSC8534-200x300.jpg 200w, https:\/\/fcliege.be\/fr\/wp-content\/uploads\/2025\/07\/DSC8534-768x1152.jpg 768w, https:\/\/fcliege.be\/fr\/wp-content\/uploads\/2025\/07\/DSC8534-scaled.jpg 1707w\" sizes=\"(max-width: 683px) 100vw, 683px\" \/><\/figure>\n\n\n\n<figure class=\"wp-block-image size-large\"><img decoding=\"async\" loading=\"lazy\" width=\"683\" height=\"1024\" data-id=\"29349\"  src=\"https:\/\/fcliege.be\/fr\/wp-content\/uploads\/2025\/07\/DSC8592-683x1024.jpg\" alt=\"\" class=\"wp-image-29349\" srcset=\"https:\/\/fcliege.be\/fr\/wp-content\/uploads\/2025\/07\/DSC8592-683x1024.jpg 683w, https:\/\/fcliege.be\/fr\/wp-content\/uploads\/2025\/07\/DSC8592-200x300.jpg 200w, https:\/\/fcliege.be\/fr\/wp-content\/uploads\/2025\/07\/DSC8592-768x1152.jpg 768w, https:\/\/fcliege.be\/fr\/wp-content\/uploads\/2025\/07\/DSC8592-scaled.jpg 1707w\" sizes=\"(max-width: 683px) 100vw, 683px\" \/><\/figure>\n\n\n\n<figure class=\"wp-block-image size-large\"><img decoding=\"async\" loading=\"lazy\" width=\"683\" height=\"1024\" data-id=\"29350\"  src=\"https:\/\/fcliege.be\/fr\/wp-content\/uploads\/2025\/07\/DSC8675-683x1024.jpg\" alt=\"\" class=\"wp-image-29350\" srcset=\"https:\/\/fcliege.be\/fr\/wp-content\/uploads\/2025\/07\/DSC8675-683x1024.jpg 683w, https:\/\/fcliege.be\/fr\/wp-content\/uploads\/2025\/07\/DSC8675-200x300.jpg 200w, https:\/\/fcliege.be\/fr\/wp-content\/uploads\/2025\/07\/DSC8675-768x1152.jpg 768w, https:\/\/fcliege.be\/fr\/wp-content\/uploads\/2025\/07\/DSC8675-scaled.jpg 1707w\" sizes=\"(max-width: 683px) 100vw, 683px\" \/><\/figure>\n\n\n\n<figure class=\"wp-block-image size-large\"><img decoding=\"async\" loading=\"lazy\" width=\"1024\" height=\"683\" data-id=\"29348\"  src=\"https:\/\/fcliege.be\/fr\/wp-content\/uploads\/2025\/07\/DSC8726-1024x683.jpg\" alt=\"\" class=\"wp-image-29348\" srcset=\"https:\/\/fcliege.be\/fr\/wp-content\/uploads\/2025\/07\/DSC8726-1024x683.jpg 1024w, https:\/\/fcliege.be\/fr\/wp-content\/uploads\/2025\/07\/DSC8726-300x200.jpg 300w, https:\/\/fcliege.be\/fr\/wp-content\/uploads\/2025\/07\/DSC8726-768x512.jpg 768w\" sizes=\"(max-width: 1024px) 100vw, 1024px\" \/><\/figure>\n<\/figure>\n","protected":false},"excerpt":{"rendered":"<p>Nouvelle \u00e9tape dans la carri\u00e8re de Joshua Mpenza, qui vient de signer une prolongation de contrat de trois saisons avec le RFC Li\u00e8ge. \u00c0 19 ans, le jeune gardien poursuit son d\u00e9veloppement au sein du club, apr\u00e8s avoir sign\u00e9 son premier contrat professionnel \u00e0 l\u2019aube de la saison derni\u00e8re. Cette prolongation marque la volont\u00e9 du [&hellip;]<\/p>\n","protected":false},"author":12,"featured_media":29347,"comment_status":"closed","ping_status":"closed","sticky":false,"template":"","format":"standard","meta":{"iawp_total_views":69},"categories":[24,26],"tags":[],"_links":{"self":[{"href":"https:\/\/fcliege.be\/fr\/wp-json\/wp\/v2\/posts\/29326"}],"collection":[{"href":"https:\/\/fcliege.be\/fr\/wp-json\/wp\/v2\/posts"}],"about":[{"href":"https:\/\/fcliege.be\/fr\/wp-json\/wp\/v2\/types\/post"}],"author":[{"embeddable":true,"href":"https:\/\/fcliege.be\/fr\/wp-json\/wp\/v2\/users\/12"}],"replies":[{"embeddable":true,"href":"https:\/\/fcliege.be\/fr\/wp-json\/wp\/v2\/comments?post=29326"}],"version-history":[{"count":4,"href":"https:\/\/fcliege.be\/fr\/wp-json\/wp\/v2\/posts\/29326\/revisions"}],"predecessor-version":[{"id":29354,"href":"https:\/\/fcliege.be\/fr\/wp-json\/wp\/v2\/posts\/29326\/revisions\/29354"}],"wp:featuredmedia":[{"embeddable":true,"href":"https:\/\/fcliege.be\/fr\/wp-json\/wp\/v2\/media\/29347"}],"wp:attachment":[{"href":"https:\/\/fcliege.be\/fr\/wp-json\/wp\/v2\/media?parent=29326"}],"wp:term":[{"taxonomy":"category","embeddable":true,"href":"https:\/\/fcliege.be\/fr\/wp-json\/wp\/v2\/categories?post=29326"},{"taxonomy":"post_tag","embeddable":true,"href":"https:\/\/fcliege.be\/fr\/wp-json\/wp\/v2\/tags?post=29326"}],"curies":[{"name":"wp","href":"https:\/\/api.w.org\/{rel}","templated":true}]}}