{"id":29466,"date":"2025-08-03T14:15:00","date_gmt":"2025-08-03T12:15:00","guid":{"rendered":"https:\/\/fcliege.be\/fr\/?p=29466"},"modified":"2025-08-07T11:53:05","modified_gmt":"2025-08-07T09:53:05","slug":"maillots-25-26","status":"publish","type":"post","link":"https:\/\/fcliege.be\/fr\/maillots-25-26\/","title":{"rendered":"25\/26 | On a l&rsquo;\u00e9quipe, voici les maillots !"},"content":{"rendered":"\n<p><\/p>\n\n\n\n<h4 class=\"wp-block-heading\"><strong>Coup d&rsquo;envoi de la saison : les nouvelles vareuses sont pr\u00eates !<\/strong><\/h4>\n\n\n\n<p>L&rsquo;entre-saison touche \u00e0 sa fin et le RFC Li\u00e8ge est enfin pr\u00eat pour entamer sa troisi\u00e8me saison en Challenger Pro League. L\u2019\u00e9quipe est pr\u00eate, mais il manquait un \u00e9l\u00e9ment essentiel pour le d\u00e9but du championnat : les vareuses ! Aujourd\u2019hui, tout est pr\u00eat.<\/p>\n\n\n\n<p>Lors du Fan Day, le club a pr\u00e9sent\u00e9 ses nouveaux maillots, avec trois mod\u00e8les distincts qui refl\u00e8tent parfaitement l&rsquo;esprit et la tradition du RFC Li\u00e8ge.<\/p>\n\n\n\n<p><strong>Merci \u00e0 nos partenaires maillot ou short : Star Sport TV, main sponsor, Coelmont, Cool Sun Energy, Mega, Fresh Express, Patrick et Gescofisc.<\/strong><\/p>\n\n\n\n<figure class=\"wp-block-gallery has-nested-images columns-default is-cropped wp-block-gallery-1 is-layout-flex\">\n<figure class=\"wp-block-image size-large\"><img decoding=\"async\" loading=\"lazy\" width=\"1024\" height=\"1024\" data-id=\"29622\"  src=\"https:\/\/fcliege.be\/fr\/wp-content\/uploads\/2025\/08\/20250730_97STUDIO0121-1024x1024.jpg\" alt=\"\" class=\"wp-image-29622\" srcset=\"https:\/\/fcliege.be\/fr\/wp-content\/uploads\/2025\/08\/20250730_97STUDIO0121-1024x1024.jpg 1024w, https:\/\/fcliege.be\/fr\/wp-content\/uploads\/2025\/08\/20250730_97STUDIO0121-300x300.jpg 300w, https:\/\/fcliege.be\/fr\/wp-content\/uploads\/2025\/08\/20250730_97STUDIO0121-150x150.jpg 150w, https:\/\/fcliege.be\/fr\/wp-content\/uploads\/2025\/08\/20250730_97STUDIO0121-768x768.jpg 768w, https:\/\/fcliege.be\/fr\/wp-content\/uploads\/2025\/08\/20250730_97STUDIO0121-1536x1536.jpg 1536w, https:\/\/fcliege.be\/fr\/wp-content\/uploads\/2025\/08\/20250730_97STUDIO0121.jpg 2048w\" sizes=\"(max-width: 1024px) 100vw, 1024px\" \/><\/figure>\n\n\n\n<figure class=\"wp-block-image size-large\"><img decoding=\"async\" loading=\"lazy\" width=\"1024\" height=\"1024\" data-id=\"29621\"  src=\"https:\/\/fcliege.be\/fr\/wp-content\/uploads\/2025\/08\/20250730_97STUDIO0114-1024x1024.jpg\" alt=\"\" class=\"wp-image-29621\" srcset=\"https:\/\/fcliege.be\/fr\/wp-content\/uploads\/2025\/08\/20250730_97STUDIO0114-1024x1024.jpg 1024w, https:\/\/fcliege.be\/fr\/wp-content\/uploads\/2025\/08\/20250730_97STUDIO0114-300x300.jpg 300w, https:\/\/fcliege.be\/fr\/wp-content\/uploads\/2025\/08\/20250730_97STUDIO0114-150x150.jpg 150w, https:\/\/fcliege.be\/fr\/wp-content\/uploads\/2025\/08\/20250730_97STUDIO0114-768x768.jpg 768w, https:\/\/fcliege.be\/fr\/wp-content\/uploads\/2025\/08\/20250730_97STUDIO0114-1536x1536.jpg 1536w, https:\/\/fcliege.be\/fr\/wp-content\/uploads\/2025\/08\/20250730_97STUDIO0114.jpg 2048w\" sizes=\"(max-width: 1024px) 100vw, 1024px\" \/><\/figure>\n<\/figure>\n\n\n\n<p><\/p>\n\n\n\n<p><strong>Mod\u00e8le home<\/strong><\/p>\n\n\n\n<p>Le mod\u00e8le home reste fid\u00e8le aux couleurs embl\u00e9matiques Sang &amp; Marine du club. Avec ses lignes verticales, il rend hommage \u00e0 l\u2019histoire du RFC Li\u00e8ge et \u00e0 son ADN, tout en affirmant une identit\u00e9 visuelle classique et intemporelle.<\/p>\n\n\n\n<p><strong>Mod\u00e8le away<\/strong><\/p>\n\n\n\n<p>Le mod\u00e8le away se distingue par son \u00e9l\u00e9gance moderne. Son blanc \u00e9clatant, rehauss\u00e9 de fines lignes verticales grises, et son col Mao rouge et bleu apportent une touche sophistiqu\u00e9e et dynamique, id\u00e9ale pour les matchs \u00e0 l\u2019ext\u00e9rieur.<\/p>\n\n\n\n<p><strong>Mod\u00e8le gardien mauve<\/strong><\/p>\n\n\n\n<p>Une nouveaut\u00e9 cette saison, le mod\u00e8le gardien mauve allie esth\u00e9tique et performance. Un design moderne, pens\u00e9 pour la fonctionnalit\u00e9, parfait pour nos gardiens de but.<\/p>\n\n\n\n<p><strong>Innovation et confort<\/strong><\/p>\n\n\n\n<p>Tous les mod\u00e8les ont \u00e9t\u00e9 con\u00e7us pour offrir un maximum de confort aux joueurs. Un tissu respirant a \u00e9t\u00e9 int\u00e9gr\u00e9 au dos de chaque vareuse pour garantir une ventilation optimale et am\u00e9liorer la performance sur le terrain. Et pour la premi\u00e8re fois depuis longtemps, vous pouvez personnaliser votre maillot avec le nom et le num\u00e9ro de votre joueur pr\u00e9f\u00e9r\u00e9.<\/p>\n\n\n\n<p>&gt; <strong>Les nouveaux maillots sont disponibles au fanshop du stade et en ligne sur <a rel=\"noreferrer noopener\" href=\"https:\/\/www.fcliege-fanshop.be\/\" target=\"_blank\">fcliege-fanshop.be<\/a>. <\/strong>Ne ratez pas l\u2019opportunit\u00e9 de soutenir l&rsquo;\u00e9quipe et d\u2019acqu\u00e9rir la nouvelle collection !<\/p>\n\n\n\n<figure class=\"wp-block-gallery has-nested-images columns-default is-cropped wp-block-gallery-3 is-layout-flex\">\n<figure class=\"wp-block-image size-large\"><img decoding=\"async\" loading=\"lazy\" width=\"683\" height=\"1024\" data-id=\"29526\"  src=\"https:\/\/fcliege.be\/fr\/wp-content\/uploads\/2025\/08\/MR3_9232-683x1024.jpg\" alt=\"\" class=\"wp-image-29526\" srcset=\"https:\/\/fcliege.be\/fr\/wp-content\/uploads\/2025\/08\/MR3_9232-683x1024.jpg 683w, https:\/\/fcliege.be\/fr\/wp-content\/uploads\/2025\/08\/MR3_9232-200x300.jpg 200w, https:\/\/fcliege.be\/fr\/wp-content\/uploads\/2025\/08\/MR3_9232-768x1152.jpg 768w, https:\/\/fcliege.be\/fr\/wp-content\/uploads\/2025\/08\/MR3_9232-scaled.jpg 1707w\" sizes=\"(max-width: 683px) 100vw, 683px\" \/><\/figure>\n\n\n\n<figure class=\"wp-block-image size-large\"><img decoding=\"async\" loading=\"lazy\" width=\"683\" height=\"1024\" data-id=\"29530\"  src=\"https:\/\/fcliege.be\/fr\/wp-content\/uploads\/2025\/08\/MR3_9278-683x1024.jpg\" alt=\"\" class=\"wp-image-29530\" srcset=\"https:\/\/fcliege.be\/fr\/wp-content\/uploads\/2025\/08\/MR3_9278-683x1024.jpg 683w, https:\/\/fcliege.be\/fr\/wp-content\/uploads\/2025\/08\/MR3_9278-200x300.jpg 200w, https:\/\/fcliege.be\/fr\/wp-content\/uploads\/2025\/08\/MR3_9278-768x1152.jpg 768w, https:\/\/fcliege.be\/fr\/wp-content\/uploads\/2025\/08\/MR3_9278-scaled.jpg 1707w\" sizes=\"(max-width: 683px) 100vw, 683px\" \/><\/figure>\n\n\n\n<figure class=\"wp-block-image size-large\"><img decoding=\"async\" loading=\"lazy\" width=\"683\" height=\"1024\" data-id=\"29527\"  src=\"https:\/\/fcliege.be\/fr\/wp-content\/uploads\/2025\/08\/MR3_9218-683x1024.jpg\" alt=\"\" class=\"wp-image-29527\" srcset=\"https:\/\/fcliege.be\/fr\/wp-content\/uploads\/2025\/08\/MR3_9218-683x1024.jpg 683w, https:\/\/fcliege.be\/fr\/wp-content\/uploads\/2025\/08\/MR3_9218-200x300.jpg 200w, https:\/\/fcliege.be\/fr\/wp-content\/uploads\/2025\/08\/MR3_9218-768x1152.jpg 768w, https:\/\/fcliege.be\/fr\/wp-content\/uploads\/2025\/08\/MR3_9218-scaled.jpg 1707w\" sizes=\"(max-width: 683px) 100vw, 683px\" \/><\/figure>\n\n\n\n<figure class=\"wp-block-image size-large\"><img decoding=\"async\" loading=\"lazy\" width=\"1024\" height=\"681\" data-id=\"29528\"  src=\"https:\/\/fcliege.be\/fr\/wp-content\/uploads\/2025\/08\/MR3_9352-1024x681.jpg\" alt=\"\" class=\"wp-image-29528\" srcset=\"https:\/\/fcliege.be\/fr\/wp-content\/uploads\/2025\/08\/MR3_9352-1024x681.jpg 1024w, https:\/\/fcliege.be\/fr\/wp-content\/uploads\/2025\/08\/MR3_9352-300x200.jpg 300w, https:\/\/fcliege.be\/fr\/wp-content\/uploads\/2025\/08\/MR3_9352-768x511.jpg 768w\" sizes=\"(max-width: 1024px) 100vw, 1024px\" \/><\/figure>\n\n\n\n<figure class=\"wp-block-image size-large\"><img decoding=\"async\" loading=\"lazy\" width=\"1024\" height=\"683\" data-id=\"29529\"  src=\"https:\/\/fcliege.be\/fr\/wp-content\/uploads\/2025\/08\/MR3_9264-1024x683.jpg\" alt=\"\" class=\"wp-image-29529\" srcset=\"https:\/\/fcliege.be\/fr\/wp-content\/uploads\/2025\/08\/MR3_9264-1024x683.jpg 1024w, https:\/\/fcliege.be\/fr\/wp-content\/uploads\/2025\/08\/MR3_9264-300x200.jpg 300w, https:\/\/fcliege.be\/fr\/wp-content\/uploads\/2025\/08\/MR3_9264-768x512.jpg 768w\" sizes=\"(max-width: 1024px) 100vw, 1024px\" \/><\/figure>\n<\/figure>\n","protected":false},"excerpt":{"rendered":"<p>Coup d&rsquo;envoi de la saison : les nouvelles vareuses sont pr\u00eates ! L&rsquo;entre-saison touche \u00e0 sa fin et le RFC Li\u00e8ge est enfin pr\u00eat pour entamer sa troisi\u00e8me saison en Challenger Pro League. L\u2019\u00e9quipe est pr\u00eate, mais il manquait un \u00e9l\u00e9ment essentiel pour le d\u00e9but du championnat : les vareuses ! Aujourd\u2019hui, tout est pr\u00eat. [&hellip;]<\/p>\n","protected":false},"author":12,"featured_media":29525,"comment_status":"closed","ping_status":"closed","sticky":false,"template":"","format":"standard","meta":{"iawp_total_views":109},"categories":[24,28],"tags":[],"_links":{"self":[{"href":"https:\/\/fcliege.be\/fr\/wp-json\/wp\/v2\/posts\/29466"}],"collection":[{"href":"https:\/\/fcliege.be\/fr\/wp-json\/wp\/v2\/posts"}],"about":[{"href":"https:\/\/fcliege.be\/fr\/wp-json\/wp\/v2\/types\/post"}],"author":[{"embeddable":true,"href":"https:\/\/fcliege.be\/fr\/wp-json\/wp\/v2\/users\/12"}],"replies":[{"embeddable":true,"href":"https:\/\/fcliege.be\/fr\/wp-json\/wp\/v2\/comments?post=29466"}],"version-history":[{"count":21,"href":"https:\/\/fcliege.be\/fr\/wp-json\/wp\/v2\/posts\/29466\/revisions"}],"predecessor-version":[{"id":29659,"href":"https:\/\/fcliege.be\/fr\/wp-json\/wp\/v2\/posts\/29466\/revisions\/29659"}],"wp:featuredmedia":[{"embeddable":true,"href":"https:\/\/fcliege.be\/fr\/wp-json\/wp\/v2\/media\/29525"}],"wp:attachment":[{"href":"https:\/\/fcliege.be\/fr\/wp-json\/wp\/v2\/media?parent=29466"}],"wp:term":[{"taxonomy":"category","embeddable":true,"href":"https:\/\/fcliege.be\/fr\/wp-json\/wp\/v2\/categories?post=29466"},{"taxonomy":"post_tag","embeddable":true,"href":"https:\/\/fcliege.be\/fr\/wp-json\/wp\/v2\/tags?post=29466"}],"curies":[{"name":"wp","href":"https:\/\/api.w.org\/{rel}","templated":true}]}}