{"id":29483,"date":"2025-08-12T16:00:00","date_gmt":"2025-08-12T14:00:00","guid":{"rendered":"https:\/\/fcliege.be\/fr\/?p=29483"},"modified":"2025-08-12T10:17:07","modified_gmt":"2025-08-12T08:17:07","slug":"fanshop-nouvelle-casquette-2","status":"publish","type":"post","link":"https:\/\/fcliege.be\/fr\/fanshop-nouvelle-casquette-2\/","title":{"rendered":"Fanshop | Nouvelle casquette"},"content":{"rendered":"\n<p><\/p>\n\n\n\n<h4 class=\"wp-block-heading\"><strong>Une nouvelle casquette blason d\u00e9lav\u00e9e disponible !<\/strong><\/h4>\n\n\n\n<p><\/p>\n\n\n\n<p>Le premier produit de la saison 2025\/2026 est l\u00e0 : la casquette blason d\u00e9lav\u00e9e. Avec un tissu au look d\u00e9lav\u00e9, elle se distingue des mod\u00e8les pr\u00e9c\u00e9dents. Un design simple, avec le blason du club, pour montrer votre soutien au RFC Li\u00e8ge.<\/p>\n\n\n\n<p>Elle sera disponible \u00e0 l\u2019occasion du 1er match de la saison contre Seraing, pour le derby day ! N&rsquo;attendez plus pour l&rsquo;ajouter \u00e0 votre collection !<\/p>\n\n\n\n<h5 class=\"wp-block-heading\"><strong><a href=\"https:\/\/www.fcliege-fanshop.be\/shop\/casquette-blason-delavee\/\" target=\"_blank\" rel=\"noreferrer noopener\">Commande en ligne sur www.fcliege-fanshop.be<\/a><\/strong><\/h5>\n\n\n\n<figure class=\"wp-block-gallery has-nested-images columns-default is-cropped wp-block-gallery-1 is-layout-flex\">\n<figure class=\"wp-block-image size-large\"><img decoding=\"async\" loading=\"lazy\" width=\"1024\" height=\"1024\" data-id=\"29485\"  src=\"https:\/\/fcliege.be\/fr\/wp-content\/uploads\/2025\/07\/RFCL-Casquette-Blason-delavee-1-1024x1024.jpg\" alt=\"\" class=\"wp-image-29485\" srcset=\"https:\/\/fcliege.be\/fr\/wp-content\/uploads\/2025\/07\/RFCL-Casquette-Blason-delavee-1-1024x1024.jpg 1024w, https:\/\/fcliege.be\/fr\/wp-content\/uploads\/2025\/07\/RFCL-Casquette-Blason-delavee-1-300x300.jpg 300w, https:\/\/fcliege.be\/fr\/wp-content\/uploads\/2025\/07\/RFCL-Casquette-Blason-delavee-1-150x150.jpg 150w, https:\/\/fcliege.be\/fr\/wp-content\/uploads\/2025\/07\/RFCL-Casquette-Blason-delavee-1-768x768.jpg 768w, https:\/\/fcliege.be\/fr\/wp-content\/uploads\/2025\/07\/RFCL-Casquette-Blason-delavee-1.jpg 1200w\" sizes=\"(max-width: 1024px) 100vw, 1024px\" \/><\/figure>\n\n\n\n<figure class=\"wp-block-image size-large\"><img decoding=\"async\" loading=\"lazy\" width=\"1024\" height=\"1024\" data-id=\"29486\"  src=\"https:\/\/fcliege.be\/fr\/wp-content\/uploads\/2025\/07\/RFCL-Casquette-Blason-delavee-2-1024x1024.jpg\" alt=\"\" class=\"wp-image-29486\" srcset=\"https:\/\/fcliege.be\/fr\/wp-content\/uploads\/2025\/07\/RFCL-Casquette-Blason-delavee-2-1024x1024.jpg 1024w, https:\/\/fcliege.be\/fr\/wp-content\/uploads\/2025\/07\/RFCL-Casquette-Blason-delavee-2-300x300.jpg 300w, https:\/\/fcliege.be\/fr\/wp-content\/uploads\/2025\/07\/RFCL-Casquette-Blason-delavee-2-150x150.jpg 150w, https:\/\/fcliege.be\/fr\/wp-content\/uploads\/2025\/07\/RFCL-Casquette-Blason-delavee-2-768x768.jpg 768w, https:\/\/fcliege.be\/fr\/wp-content\/uploads\/2025\/07\/RFCL-Casquette-Blason-delavee-2.jpg 1200w\" sizes=\"(max-width: 1024px) 100vw, 1024px\" \/><\/figure>\n\n\n\n<figure class=\"wp-block-image size-large\"><img decoding=\"async\" loading=\"lazy\" width=\"1024\" height=\"1024\" data-id=\"29487\"  src=\"https:\/\/fcliege.be\/fr\/wp-content\/uploads\/2025\/07\/RFCL-Casquette-Blason-delavee-3-1024x1024.jpg\" alt=\"\" class=\"wp-image-29487\" srcset=\"https:\/\/fcliege.be\/fr\/wp-content\/uploads\/2025\/07\/RFCL-Casquette-Blason-delavee-3-1024x1024.jpg 1024w, https:\/\/fcliege.be\/fr\/wp-content\/uploads\/2025\/07\/RFCL-Casquette-Blason-delavee-3-300x300.jpg 300w, https:\/\/fcliege.be\/fr\/wp-content\/uploads\/2025\/07\/RFCL-Casquette-Blason-delavee-3-150x150.jpg 150w, https:\/\/fcliege.be\/fr\/wp-content\/uploads\/2025\/07\/RFCL-Casquette-Blason-delavee-3-768x768.jpg 768w, https:\/\/fcliege.be\/fr\/wp-content\/uploads\/2025\/07\/RFCL-Casquette-Blason-delavee-3.jpg 1200w\" sizes=\"(max-width: 1024px) 100vw, 1024px\" \/><\/figure>\n<\/figure>\n","protected":false},"excerpt":{"rendered":"<p>Une nouvelle casquette blason d\u00e9lav\u00e9e disponible ! Le premier produit de la saison 2025\/2026 est l\u00e0 : la casquette blason d\u00e9lav\u00e9e. Avec un tissu au look d\u00e9lav\u00e9, elle se distingue des mod\u00e8les pr\u00e9c\u00e9dents. Un design simple, avec le blason du club, pour montrer votre soutien au RFC Li\u00e8ge. Elle sera disponible \u00e0 l\u2019occasion du 1er [&hellip;]<\/p>\n","protected":false},"author":12,"featured_media":29490,"comment_status":"closed","ping_status":"closed","sticky":false,"template":"","format":"standard","meta":{"iawp_total_views":3},"categories":[24,28],"tags":[],"_links":{"self":[{"href":"https:\/\/fcliege.be\/fr\/wp-json\/wp\/v2\/posts\/29483"}],"collection":[{"href":"https:\/\/fcliege.be\/fr\/wp-json\/wp\/v2\/posts"}],"about":[{"href":"https:\/\/fcliege.be\/fr\/wp-json\/wp\/v2\/types\/post"}],"author":[{"embeddable":true,"href":"https:\/\/fcliege.be\/fr\/wp-json\/wp\/v2\/users\/12"}],"replies":[{"embeddable":true,"href":"https:\/\/fcliege.be\/fr\/wp-json\/wp\/v2\/comments?post=29483"}],"version-history":[{"count":3,"href":"https:\/\/fcliege.be\/fr\/wp-json\/wp\/v2\/posts\/29483\/revisions"}],"predecessor-version":[{"id":29489,"href":"https:\/\/fcliege.be\/fr\/wp-json\/wp\/v2\/posts\/29483\/revisions\/29489"}],"wp:featuredmedia":[{"embeddable":true,"href":"https:\/\/fcliege.be\/fr\/wp-json\/wp\/v2\/media\/29490"}],"wp:attachment":[{"href":"https:\/\/fcliege.be\/fr\/wp-json\/wp\/v2\/media?parent=29483"}],"wp:term":[{"taxonomy":"category","embeddable":true,"href":"https:\/\/fcliege.be\/fr\/wp-json\/wp\/v2\/categories?post=29483"},{"taxonomy":"post_tag","embeddable":true,"href":"https:\/\/fcliege.be\/fr\/wp-json\/wp\/v2\/tags?post=29483"}],"curies":[{"name":"wp","href":"https:\/\/api.w.org\/{rel}","templated":true}]}}