{"id":29698,"date":"2025-08-12T00:32:38","date_gmt":"2025-08-11T22:32:38","guid":{"rendered":"https:\/\/fcliege.be\/fr\/?p=29698"},"modified":"2025-08-12T00:32:39","modified_gmt":"2025-08-11T22:32:39","slug":"challenge-ihsane-jarfi-2025","status":"publish","type":"post","link":"https:\/\/fcliege.be\/fr\/challenge-ihsane-jarfi-2025\/","title":{"rendered":"Challenge Ihsane Jarfi 2025"},"content":{"rendered":"\n<p><\/p>\n\n\n\n<h4 class=\"wp-block-heading\"><strong>Challenge Ihsane Jarfi 2025 : une journ\u00e9e foot &amp; inclusion \u00e0 Rocourt<\/strong><\/h4>\n\n\n\n<p>Le jeudi 21 ao\u00fbt, le RFC Li\u00e8ge accueillera le <strong>Challenge Ihsane Jarfi<\/strong> sur ses installations de Rocourt. Une journ\u00e9e sportive et citoyenne d\u00e9di\u00e9e \u00e0 la lutte contre les discriminations \u2014 en particulier l\u2019homophobie dans le sport \u2014 avec matches, ateliers et invit\u00e9s inspirants. <strong>\u00c9v\u00e9nement gratuit et ouvert \u00e0 toutes et tous.<\/strong><\/p>\n\n\n\n<p>Au programme : <strong>un tournoi de jeunes (14\u201315 ans)<\/strong> alternant avec des <strong>ateliers de sensibilisation interactifs<\/strong>. La journ\u00e9e rassemblera des personnalit\u00e9s du football belge, dont des joueurs du RFC Li\u00e8ge. La <strong>F\u00e9d\u00e9ration Prisme<\/strong> pr\u00e9sentera en prime son dossier th\u00e9matique <em>\u00ab\u00a0Repenser les politiques sportives belges : pour une inclusion effective des personnes LGBTQIA+\u00a0\u00bb<\/em>.<\/p>\n\n\n\n<p>Les ateliers mettront la parole au c\u0153ur du terrain : t\u00e9moignage d\u2019<strong>Hassan Jarfi<\/strong>, intervention de <strong>Mounia Wanzi<\/strong> (RBFA \/ coach RWDM Girls), atelier Prisme sur les st\u00e9r\u00e9otypes et discriminations, et module <strong>\u201cCome Together\u201d de la RBFA<\/strong> autour de la lutte contre le racisme. Objectif : donner des cl\u00e9s concr\u00e8tes aux jeunes pour b\u00e2tir un football plus juste et accueillant.<\/p>\n\n\n\n<p>C\u00f4t\u00e9 sportif, <strong>8 \u00e0 12 \u00e9quipes<\/strong> sont attendues. Les matches s\u2019encha\u00eeneront avec les ateliers, et une remise de m\u00e9dailles avec des joueurs de l\u2019\u00e9quipe premi\u00e8re du RFC Li\u00e8ge.<\/p>\n\n\n\n<p><strong>Appel aux \u00e9quipes<\/strong><\/p>\n\n\n\n<p>Vous entra\u00eenez ou encadrez un groupe de 14\u201315 ans ? Inscrivez votre \u00e9quipe et vivez une journ\u00e9e qui m\u00eale comp\u00e9tition, fair-play et sensibilisation. Les inscriptions et infos pratiques sont disponibles via les canaux officiels du RFC Li\u00e8ge. Places limit\u00e9es.<\/p>\n\n\n\n<p>Plus d\u2019infos : communication@fcliege.be<\/p>\n\n\n\n<p><strong>Appel au public<\/strong><\/p>\n\n\n\n<p>Supporters, familles, \u00e9cole de jeunes, partenaires : venez assister aux rencontres, d\u00e9couvrir les ateliers et encourager les participantes et participants tout au long de la journ\u00e9e. L\u2019acc\u00e8s est libre \u2014 votre pr\u00e9sence compte !<\/p>\n\n\n\n<p><strong>Informations pratiques<\/strong><\/p>\n\n\n\n<p>Date : jeudi 21 ao\u00fbt<br>Lieu : installations du RFC Li\u00e8ge, Rue de la Tonne 80 (Rocourt)<br>Acc\u00e8s : gratuit et ouvert au public<\/p>\n","protected":false},"excerpt":{"rendered":"<p>Challenge Ihsane Jarfi 2025 : une journ\u00e9e foot &amp; inclusion \u00e0 Rocourt Le jeudi 21 ao\u00fbt, le RFC Li\u00e8ge accueillera le Challenge Ihsane Jarfi sur ses installations de Rocourt. Une journ\u00e9e sportive et citoyenne d\u00e9di\u00e9e \u00e0 la lutte contre les discriminations \u2014 en particulier l\u2019homophobie dans le sport \u2014 avec matches, ateliers et invit\u00e9s inspirants. [&hellip;]<\/p>\n","protected":false},"author":12,"featured_media":29703,"comment_status":"closed","ping_status":"closed","sticky":false,"template":"","format":"standard","meta":{"iawp_total_views":22},"categories":[25,24],"tags":[],"_links":{"self":[{"href":"https:\/\/fcliege.be\/fr\/wp-json\/wp\/v2\/posts\/29698"}],"collection":[{"href":"https:\/\/fcliege.be\/fr\/wp-json\/wp\/v2\/posts"}],"about":[{"href":"https:\/\/fcliege.be\/fr\/wp-json\/wp\/v2\/types\/post"}],"author":[{"embeddable":true,"href":"https:\/\/fcliege.be\/fr\/wp-json\/wp\/v2\/users\/12"}],"replies":[{"embeddable":true,"href":"https:\/\/fcliege.be\/fr\/wp-json\/wp\/v2\/comments?post=29698"}],"version-history":[{"count":5,"href":"https:\/\/fcliege.be\/fr\/wp-json\/wp\/v2\/posts\/29698\/revisions"}],"predecessor-version":[{"id":29704,"href":"https:\/\/fcliege.be\/fr\/wp-json\/wp\/v2\/posts\/29698\/revisions\/29704"}],"wp:featuredmedia":[{"embeddable":true,"href":"https:\/\/fcliege.be\/fr\/wp-json\/wp\/v2\/media\/29703"}],"wp:attachment":[{"href":"https:\/\/fcliege.be\/fr\/wp-json\/wp\/v2\/media?parent=29698"}],"wp:term":[{"taxonomy":"category","embeddable":true,"href":"https:\/\/fcliege.be\/fr\/wp-json\/wp\/v2\/categories?post=29698"},{"taxonomy":"post_tag","embeddable":true,"href":"https:\/\/fcliege.be\/fr\/wp-json\/wp\/v2\/tags?post=29698"}],"curies":[{"name":"wp","href":"https:\/\/api.w.org\/{rel}","templated":true}]}}