{"id":29743,"date":"2025-08-24T01:59:45","date_gmt":"2025-08-23T23:59:45","guid":{"rendered":"https:\/\/fcliege.be\/fr\/?p=29743"},"modified":"2025-08-25T21:22:20","modified_gmt":"2025-08-25T19:22:20","slug":"cpl-lokeren-liege-0-1","status":"publish","type":"post","link":"https:\/\/fcliege.be\/fr\/cpl-lokeren-liege-0-1\/","title":{"rendered":"CPL | Lokeren-Li\u00e8ge 0-1 (vid\u00e9o)"},"content":{"rendered":"\n<p><\/p>\n\n\n\n<h4 class=\"wp-block-heading\"><strong>Les Sang et Marine ram\u00e8nent 3 points du Daknamstadion ! Solidit\u00e9 et efficacit\u00e9.<\/strong><\/h4>\n\n\n\n<p>Dans une MT1 \u00e9quilibr\u00e9e malgr\u00e9 la possession en faveur de <strong>Lokeren<\/strong>, la premi\u00e8re grosse occasion \u00e9tait \u00e0 mettre \u00e0 l&rsquo;actif du RFCL, quelques minutes apr\u00e8s la demi-heure de jeu : une frappe s\u00e8che, mais trop centrale, de <strong>Wilmots<\/strong>. \u00c0 la 39e minute, les Sang et Marine ont fait mouche sur leur deuxi\u00e8me occasion franche : <strong>Shkurti<\/strong> a parfaitement servi <strong>Diouf <\/strong>qui a termin\u00e9 l&rsquo;action \u00e0 l&rsquo;instinct (39e, 0-1) !<\/p>\n\n\n\n<p>En deuxi\u00e8me p\u00e9riode, nos joueurs, en gestion, ont su garder leur avantage. Des frayeurs ? Oui. Une frappe de Radja Nainggolan, dont il a le secret, pass\u00e9e juste \u00e0 c\u00f4t\u00e9 (68e). Puis, un centre bien travaill\u00e9 qui a mis <strong>Belin<\/strong> a contribution (84e). C&rsquo;est donc un Li\u00e8ge solide et efficace qui a ramen\u00e9 les trois points !<\/p>\n\n\n\n<p><\/p>\n\n\n\n<p><strong>RFCL <\/strong>: Belin, Ngawa, N&rsquo;Jo, Bustin, D&rsquo;Ostilio, Wilmots, Paulet (46e Da Silva), Shkurti (87e Arslan), Bruggeman, Lucker (78e Gobitaka), Diouf (79e Hazard).<\/p>\n\n\n\n<p><strong>But <\/strong>: 39e Diouf (0-1)<\/p>\n\n\n\n<p><strong>R\u00e9sum\u00e9 DAZN<\/strong><\/p>\n\n\n\n<figure class=\"wp-block-embed is-type-video is-provider-youtube wp-block-embed-youtube wp-embed-aspect-16-9 wp-has-aspect-ratio\"><div class=\"wp-block-embed__wrapper\">\n<iframe loading=\"lazy\" title=\"Lokeren-RFC Li\u00e8ge 0-1 (D1B) #challengerproleague #highlights #football\" width=\"960\" height=\"540\" src=\"https:\/\/www.youtube.com\/embed\/qxd8j4S317Y?feature=oembed\" frameborder=\"0\" allow=\"accelerometer; autoplay; clipboard-write; encrypted-media; gyroscope; picture-in-picture; web-share\" referrerpolicy=\"strict-origin-when-cross-origin\" allowfullscreen><\/iframe>\n<\/div><\/figure>\n","protected":false},"excerpt":{"rendered":"<p>Les Sang et Marine ram\u00e8nent 3 points du Daknamstadion ! Solidit\u00e9 et efficacit\u00e9. Dans une MT1 \u00e9quilibr\u00e9e malgr\u00e9 la possession en faveur de Lokeren, la premi\u00e8re grosse occasion \u00e9tait \u00e0 mettre \u00e0 l&rsquo;actif du RFCL, quelques minutes apr\u00e8s la demi-heure de jeu : une frappe s\u00e8che, mais trop centrale, de Wilmots. \u00c0 la 39e minute, [&hellip;]<\/p>\n","protected":false},"author":12,"featured_media":29832,"comment_status":"closed","ping_status":"closed","sticky":false,"template":"","format":"standard","meta":{"iawp_total_views":530},"categories":[24,27,26],"tags":[],"_links":{"self":[{"href":"https:\/\/fcliege.be\/fr\/wp-json\/wp\/v2\/posts\/29743"}],"collection":[{"href":"https:\/\/fcliege.be\/fr\/wp-json\/wp\/v2\/posts"}],"about":[{"href":"https:\/\/fcliege.be\/fr\/wp-json\/wp\/v2\/types\/post"}],"author":[{"embeddable":true,"href":"https:\/\/fcliege.be\/fr\/wp-json\/wp\/v2\/users\/12"}],"replies":[{"embeddable":true,"href":"https:\/\/fcliege.be\/fr\/wp-json\/wp\/v2\/comments?post=29743"}],"version-history":[{"count":8,"href":"https:\/\/fcliege.be\/fr\/wp-json\/wp\/v2\/posts\/29743\/revisions"}],"predecessor-version":[{"id":29880,"href":"https:\/\/fcliege.be\/fr\/wp-json\/wp\/v2\/posts\/29743\/revisions\/29880"}],"wp:featuredmedia":[{"embeddable":true,"href":"https:\/\/fcliege.be\/fr\/wp-json\/wp\/v2\/media\/29832"}],"wp:attachment":[{"href":"https:\/\/fcliege.be\/fr\/wp-json\/wp\/v2\/media?parent=29743"}],"wp:term":[{"taxonomy":"category","embeddable":true,"href":"https:\/\/fcliege.be\/fr\/wp-json\/wp\/v2\/categories?post=29743"},{"taxonomy":"post_tag","embeddable":true,"href":"https:\/\/fcliege.be\/fr\/wp-json\/wp\/v2\/tags?post=29743"}],"curies":[{"name":"wp","href":"https:\/\/api.w.org\/{rel}","templated":true}]}}