{"id":29817,"date":"2025-08-30T21:57:37","date_gmt":"2025-08-30T19:57:37","guid":{"rendered":"https:\/\/fcliege.be\/fr\/?p=29817"},"modified":"2025-08-30T21:57:38","modified_gmt":"2025-08-30T19:57:38","slug":"cpl-liege-patro-0-2","status":"publish","type":"post","link":"https:\/\/fcliege.be\/fr\/cpl-liege-patro-0-2\/","title":{"rendered":"CPL | Li\u00e8ge-Patro 0-2"},"content":{"rendered":"\n<p><\/p>\n\n\n\n<h4 class=\"wp-block-heading\"><strong>Le RFCL s&rsquo;incline dans le derby de la Meuse.<\/strong><\/h4>\n\n\n\n<p>Le match d\u00e9butait pied au plancher, avec des offensives de part et d&rsquo;autre et une occasion li\u00e9geoise sign\u00e9e <strong>Da Silva<\/strong>, \u00e0 c\u00f4t\u00e9 (3e). Le Patro Eisden se montrait efficace au quart d&rsquo;heure suite \u00e0 un long ballon dans le dos de la d\u00e9fense, dont M&rsquo;barki profitait pour s&rsquo;en aller tromper <strong>Belin <\/strong>(0-1, 15e).<\/p>\n\n\n\n<p>Un hors-jeu siffl\u00e9 sur <strong>Diouf<\/strong>, qui partait seul au but, suscitait le m\u00e9contentement du stade (25e). Li\u00e8ge affirmait sa domination au fil des minutes, mais de fa\u00e7on st\u00e9rile. Les Limbourgeois d\u00e9fendaient bien et parvenaient m\u00eame \u00e0 faire le break \u00e0 l&rsquo;approche du terme (0-2, 81e). Du 100% pour des visiteurs extr\u00eamement r\u00e9alistes, offensivement comme d\u00e9fensivement.<\/p>\n\n\n\n<p><\/p>\n\n\n\n<p><strong>RFCL <\/strong>: Belin, Ngawa (75e Gobitaka), N&rsquo;Jo, Bustin, D&rsquo;Ostilio, Shkurti (83e Paulet), Wilmots, Bruggeman (83e Lefebvre), Da Silva (46e Hazard), Lucker (66e Arslan), Diouf<\/p>\n\n\n\n<p><strong>Buts <\/strong>: 15e M&rsquo;barki (0-1), 81e Robberechts (0-2)<\/p>\n\n\n\n<p><strong>R\u00e9sum\u00e9 DAZN<\/strong><\/p>\n\n\n\n<p>En ligne le lendemain du match.<\/p>\n","protected":false},"excerpt":{"rendered":"<p>Le RFCL s&rsquo;incline dans le derby de la Meuse. Le match d\u00e9butait pied au plancher, avec des offensives de part et d&rsquo;autre et une occasion li\u00e9geoise sign\u00e9e Da Silva, \u00e0 c\u00f4t\u00e9 (3e). Le Patro Eisden se montrait efficace au quart d&rsquo;heure suite \u00e0 un long ballon dans le dos de la d\u00e9fense, dont M&rsquo;barki profitait [&hellip;]<\/p>\n","protected":false},"author":12,"featured_media":29937,"comment_status":"closed","ping_status":"closed","sticky":false,"template":"","format":"standard","meta":{"iawp_total_views":812},"categories":[24,27,26],"tags":[],"_links":{"self":[{"href":"https:\/\/fcliege.be\/fr\/wp-json\/wp\/v2\/posts\/29817"}],"collection":[{"href":"https:\/\/fcliege.be\/fr\/wp-json\/wp\/v2\/posts"}],"about":[{"href":"https:\/\/fcliege.be\/fr\/wp-json\/wp\/v2\/types\/post"}],"author":[{"embeddable":true,"href":"https:\/\/fcliege.be\/fr\/wp-json\/wp\/v2\/users\/12"}],"replies":[{"embeddable":true,"href":"https:\/\/fcliege.be\/fr\/wp-json\/wp\/v2\/comments?post=29817"}],"version-history":[{"count":14,"href":"https:\/\/fcliege.be\/fr\/wp-json\/wp\/v2\/posts\/29817\/revisions"}],"predecessor-version":[{"id":29943,"href":"https:\/\/fcliege.be\/fr\/wp-json\/wp\/v2\/posts\/29817\/revisions\/29943"}],"wp:featuredmedia":[{"embeddable":true,"href":"https:\/\/fcliege.be\/fr\/wp-json\/wp\/v2\/media\/29937"}],"wp:attachment":[{"href":"https:\/\/fcliege.be\/fr\/wp-json\/wp\/v2\/media?parent=29817"}],"wp:term":[{"taxonomy":"category","embeddable":true,"href":"https:\/\/fcliege.be\/fr\/wp-json\/wp\/v2\/categories?post=29817"},{"taxonomy":"post_tag","embeddable":true,"href":"https:\/\/fcliege.be\/fr\/wp-json\/wp\/v2\/tags?post=29817"}],"curies":[{"name":"wp","href":"https:\/\/api.w.org\/{rel}","templated":true}]}}