{"id":29858,"date":"2025-08-27T08:10:00","date_gmt":"2025-08-27T06:10:00","guid":{"rendered":"https:\/\/fcliege.be\/fr\/?p=29858"},"modified":"2025-08-25T15:21:31","modified_gmt":"2025-08-25T13:21:31","slug":"rfc-liege-x-fondation-ishane-jarfi","status":"publish","type":"post","link":"https:\/\/fcliege.be\/fr\/rfc-liege-x-fondation-ishane-jarfi\/","title":{"rendered":"RFC Li\u00e8ge x Fondation Ishane Jarfi"},"content":{"rendered":"\n<p><\/p>\n\n\n\n<h4 class=\"wp-block-heading\"><strong>Dimanche, lors de Li\u00e8ge-Patro, c&rsquo;est la Fondation Ihsane Jarfi qui sera mise en lumi\u00e8re via notre programme en faveur des actions sociales.<\/strong><\/h4>\n\n\n\n<p>&gt; <a href=\"https:\/\/fcliege.be\/fr\/25-26-actions-et-animations\/\">Un match = une action sociale, un engagement pour soutenir des causes locales et sociales<\/a><\/p>\n\n\n\n<p>La <strong>Fondation Ihsane Jarf<\/strong>i a \u00e9t\u00e9 cr\u00e9\u00e9e \u00e0 la m\u00e9moire d\u2019Ihsane, victime d\u2019un crime homophobe \u00e0 Li\u00e8ge en 2012. Elle agit chaque jour contre les discriminations, en particulier celles li\u00e9es \u00e0 l\u2019orientation sexuelle et \u00e0 l\u2019identit\u00e9 de genre, avec un objectif clair : construire une soci\u00e9t\u00e9 plus juste et respectueuse des diff\u00e9rences. Dans cette d\u00e9marche, le Refuge Ihsane Jarfi occupe une place essentielle. Il offre un toit, une \u00e9coute et un accompagnement \u00e0 des jeunes LGBT rejet\u00e9s par leur famille, afin de leur permettre de se reconstruire dans la dignit\u00e9 et la s\u00e9curit\u00e9.<\/p>\n\n\n\n<p>La mission de la Fondation est de lutter contre l\u2019homophobie et toutes les formes de discriminations, et de prot\u00e9ger les jeunes en difficult\u00e9. Sa vision est celle d\u2019une soci\u00e9t\u00e9 o\u00f9 chacun peut \u00eatre soi-m\u00eame, sans peur ni violence. Concr\u00e8tement, cela passe par l\u2019accueil et l\u2019h\u00e9bergement des jeunes au Refuge, par des campagnes de sensibilisation dans les \u00e9coles men\u00e9es notamment par le papa d\u2019Ihsane, Hassan, par des actions dans le monde sportif \u00e0 travers le Challenge Jarfi en collaboration avec le RFC Li\u00e8ge, par l\u2019organisation d\u2019\u00e9v\u00e9nements citoyens et culturels favorisant le vivre-ensemble, ainsi que par la cr\u00e9ation d\u2019outils p\u00e9dagogiques et de recherches pour mieux comprendre et combattre les discriminations.<\/p>\n\n\n\n<p>Les supporters ont, eux aussi, un r\u00f4le essentiel \u00e0 jouer. Chacun peut contribuer \u00e0 changer les mentalit\u00e9s en refusant les insultes, moqueries et chants discriminatoires dans les stades, en osant dire NON face \u00e0 l\u2019homophobie, au racisme ou au sexisme, en encourageant une ambiance inclusive et familiale autour du football, et en transmettant aux plus jeunes les valeurs de respect et de solidarit\u00e9. Chaque geste, chaque parole compte pour faire \u00e9voluer la culture du sport et prouver que le football est un lieu qui rassemble au lieu de diviser.<\/p>\n\n\n\n<p><strong>Pourquoi faire un don ?<\/strong><\/p>\n\n\n\n<p>Les dons collect\u00e9s lors de cette action solidaire permettront de financer l\u2019accueil et l\u2019accompagnement des jeunes h\u00e9berg\u00e9s au Refuge Ihsane Jarfi, de d\u00e9velopper des initiatives de sensibilisation dans le sport afin de lutter contre l\u2019homophobie dans les stades et de cr\u00e9er de nouveaux outils p\u00e9dagogiques pour toucher un public toujours plus large. Gr\u00e2ce \u00e0 votre soutien, vous offrez un avenir plus s\u00fbr et plus digne \u00e0 de nombreux jeunes, et contribuez \u00e0 b\u00e2tir ensemble un football et une soci\u00e9t\u00e9 plus inclusifs.<\/p>\n\n\n\n<p><strong>Respect &amp; Inclusion : un plan d\u2019action concret lanc\u00e9 ce samedi face au Patro<\/strong><\/p>\n\n\n\n<p>\u00c0 l\u2019occasion de la rencontre de ce samedi contre le Patro, et de l\u2019action au stade pour la Fondation Ishane Jarfi, le RFC Li\u00e8ge pr\u00e9sente son nouveau plan d\u2019action Respect &amp; Inclusion.<\/p>\n\n\n\n<p>Objectif : s\u00e9curiser vestiaires et tribunes, pr\u00e9venir et traiter tout comportement discriminatoire, et faire \u00e9voluer les mentalit\u00e9s avec des actions r\u00e9guli\u00e8res aupr\u00e8s de toutes nos communaut\u00e9s.<\/p>\n\n\n\n<p>Elabor\u00e9 avec nos partenaires de terrain (F\u00e9d\u00e9ration PRISME et Fondation Ishane Jarfi), ce plan s\u2019appuie sur des constats clairs dans le foot belge et sur des bonnes pratiques d\u00e9j\u00e0 \u00e9prouv\u00e9es.<\/p>\n\n\n\n<p><strong>Un don ? Samedi, vous pourrez \u00ab\u00a0offrir\u00a0\u00bb la caution de votre gobelet lorsque celui-ci sera remis ou ajouter 1 \u20ac \u00e0 votre commande au bar.<\/strong><\/p>\n\n\n\n<p><strong>Visitez le site internet : <a href=\"https:\/\/www.fondation-ihsane-jarfi.be\/\" target=\"_blank\" rel=\"noreferrer noopener\">www.fondation-ihsane-jarfi.be<\/a><\/strong><\/p>\n\n\n\n<p><strong>Ou la page Facebook : <a href=\"https:\/\/www.facebook.com\/fondationihsanejarfi\" target=\"_blank\" rel=\"noreferrer noopener\">www.facebook.com\/fondationihsanejarfi<\/a><\/strong><\/p>\n\n\n\n<figure class=\"wp-block-gallery has-nested-images columns-default is-cropped wp-block-gallery-1 is-layout-flex\">\n<figure class=\"wp-block-image size-large\"><img decoding=\"async\" loading=\"lazy\" width=\"683\" height=\"1024\" data-id=\"29864\"  src=\"https:\/\/fcliege.be\/fr\/wp-content\/uploads\/2025\/08\/108A7757-683x1024.jpg\" alt=\"\" class=\"wp-image-29864\" srcset=\"https:\/\/fcliege.be\/fr\/wp-content\/uploads\/2025\/08\/108A7757-683x1024.jpg 683w, https:\/\/fcliege.be\/fr\/wp-content\/uploads\/2025\/08\/108A7757-200x300.jpg 200w, https:\/\/fcliege.be\/fr\/wp-content\/uploads\/2025\/08\/108A7757-768x1152.jpg 768w, https:\/\/fcliege.be\/fr\/wp-content\/uploads\/2025\/08\/108A7757.jpg 1575w\" sizes=\"(max-width: 683px) 100vw, 683px\" \/><\/figure>\n\n\n\n<figure class=\"wp-block-image size-large\"><img decoding=\"async\" loading=\"lazy\" width=\"1024\" height=\"683\" data-id=\"29863\"  src=\"https:\/\/fcliege.be\/fr\/wp-content\/uploads\/2025\/08\/108A7809-1024x683.jpg\" alt=\"\" class=\"wp-image-29863\" srcset=\"https:\/\/fcliege.be\/fr\/wp-content\/uploads\/2025\/08\/108A7809-1024x683.jpg 1024w, https:\/\/fcliege.be\/fr\/wp-content\/uploads\/2025\/08\/108A7809-300x200.jpg 300w, https:\/\/fcliege.be\/fr\/wp-content\/uploads\/2025\/08\/108A7809-768x512.jpg 768w\" sizes=\"(max-width: 1024px) 100vw, 1024px\" \/><\/figure>\n<\/figure>\n","protected":false},"excerpt":{"rendered":"<p>Dimanche, lors de Li\u00e8ge-Patro, c&rsquo;est la Fondation Ihsane Jarfi qui sera mise en lumi\u00e8re via notre programme en faveur des actions sociales. &gt; Un match = une action sociale, un engagement pour soutenir des causes locales et sociales La Fondation Ihsane Jarfi a \u00e9t\u00e9 cr\u00e9\u00e9e \u00e0 la m\u00e9moire d\u2019Ihsane, victime d\u2019un crime homophobe \u00e0 Li\u00e8ge [&hellip;]<\/p>\n","protected":false},"author":12,"featured_media":29862,"comment_status":"closed","ping_status":"closed","sticky":false,"template":"","format":"standard","meta":{"iawp_total_views":102},"categories":[1,24],"tags":[],"_links":{"self":[{"href":"https:\/\/fcliege.be\/fr\/wp-json\/wp\/v2\/posts\/29858"}],"collection":[{"href":"https:\/\/fcliege.be\/fr\/wp-json\/wp\/v2\/posts"}],"about":[{"href":"https:\/\/fcliege.be\/fr\/wp-json\/wp\/v2\/types\/post"}],"author":[{"embeddable":true,"href":"https:\/\/fcliege.be\/fr\/wp-json\/wp\/v2\/users\/12"}],"replies":[{"embeddable":true,"href":"https:\/\/fcliege.be\/fr\/wp-json\/wp\/v2\/comments?post=29858"}],"version-history":[{"count":9,"href":"https:\/\/fcliege.be\/fr\/wp-json\/wp\/v2\/posts\/29858\/revisions"}],"predecessor-version":[{"id":29878,"href":"https:\/\/fcliege.be\/fr\/wp-json\/wp\/v2\/posts\/29858\/revisions\/29878"}],"wp:featuredmedia":[{"embeddable":true,"href":"https:\/\/fcliege.be\/fr\/wp-json\/wp\/v2\/media\/29862"}],"wp:attachment":[{"href":"https:\/\/fcliege.be\/fr\/wp-json\/wp\/v2\/media?parent=29858"}],"wp:term":[{"taxonomy":"category","embeddable":true,"href":"https:\/\/fcliege.be\/fr\/wp-json\/wp\/v2\/categories?post=29858"},{"taxonomy":"post_tag","embeddable":true,"href":"https:\/\/fcliege.be\/fr\/wp-json\/wp\/v2\/tags?post=29858"}],"curies":[{"name":"wp","href":"https:\/\/api.w.org\/{rel}","templated":true}]}}