{"id":30056,"date":"2025-09-08T23:00:00","date_gmt":"2025-09-08T21:00:00","guid":{"rendered":"https:\/\/fcliege.be\/fr\/?p=30056"},"modified":"2025-09-14T14:03:55","modified_gmt":"2025-09-14T12:03:55","slug":"mercato-soelle-soelle","status":"publish","type":"post","link":"https:\/\/fcliege.be\/fr\/mercato-soelle-soelle\/","title":{"rendered":"Mercato | Soelle Soelle nous rejoint"},"content":{"rendered":"\n<p><\/p>\n\n\n\n<h4 class=\"wp-block-heading\"><strong>Le RFC Li\u00e8ge boucle son mercato estival avec l\u2019arriv\u00e9e en pr\u00eat de l\u2019attaquant belgo-s\u00e9n\u00e9galais Fr\u00e9d\u00e9ric Soelle Soelle (19 ans), en provenance du RWDM, jusqu\u2019\u00e0 la fin de la saison.<\/strong><\/h4>\n\n\n\n<p>Form\u00e9 au KV Mechelen, Fr\u00e9d\u00e9ric a d\u00e9j\u00e0 \u00e9volu\u00e9 en Challenger Pro League et compte des s\u00e9lections en U17, U18 et U19. Profil puissant, il vient compl\u00e9ter notre secteur offensif.<\/p>\n\n\n\n<p><strong>Ga\u00ebtan Englebert <\/strong>: <em>\u00ab\u00a0Fr\u00e9d\u00e9ric est un attaquant grand et costaud, avec un profil diff\u00e9rent d\u2019Oumar. Il peut jouer dos au but, d\u00e9vier les ballons, \u00eatre compl\u00e9mentaire d\u2019Oumar ou \u00e9voluer seul. C\u2019est un style d\u2019attaquant dont nous ne disposions pas.\u00a0\u00bb<\/em><\/p>\n\n\n\n<p>Bienvenue \u00e0 Li\u00e8ge, Fr\u00e9d\u00e9ric !<\/p>\n\n\n\n<figure class=\"wp-block-image size-large\"><img decoding=\"async\" loading=\"lazy\" width=\"1024\" height=\"639\" src=\"https:\/\/fcliege.be\/fr\/wp-content\/uploads\/2025\/09\/soellesoelle-e1757851430855-1024x639.jpeg\" alt=\"\" class=\"wp-image-30133\" srcset=\"https:\/\/fcliege.be\/fr\/wp-content\/uploads\/2025\/09\/soellesoelle-e1757851430855-1024x639.jpeg 1024w, https:\/\/fcliege.be\/fr\/wp-content\/uploads\/2025\/09\/soellesoelle-e1757851430855-300x187.jpeg 300w, https:\/\/fcliege.be\/fr\/wp-content\/uploads\/2025\/09\/soellesoelle-e1757851430855-768x480.jpeg 768w, https:\/\/fcliege.be\/fr\/wp-content\/uploads\/2025\/09\/soellesoelle-e1757851430855.jpeg 1443w\" sizes=\"(max-width: 1024px) 100vw, 1024px\" \/><\/figure>\n","protected":false},"excerpt":{"rendered":"<p>Le RFC Li\u00e8ge boucle son mercato estival avec l\u2019arriv\u00e9e en pr\u00eat de l\u2019attaquant belgo-s\u00e9n\u00e9galais Fr\u00e9d\u00e9ric Soelle Soelle (19 ans), en provenance du RWDM, jusqu\u2019\u00e0 la fin de la saison. Form\u00e9 au KV Mechelen, Fr\u00e9d\u00e9ric a d\u00e9j\u00e0 \u00e9volu\u00e9 en Challenger Pro League et compte des s\u00e9lections en U17, U18 et U19. Profil puissant, il vient compl\u00e9ter [&hellip;]<\/p>\n","protected":false},"author":12,"featured_media":30132,"comment_status":"closed","ping_status":"closed","sticky":false,"template":"","format":"standard","meta":{"iawp_total_views":793},"categories":[24,26],"tags":[],"_links":{"self":[{"href":"https:\/\/fcliege.be\/fr\/wp-json\/wp\/v2\/posts\/30056"}],"collection":[{"href":"https:\/\/fcliege.be\/fr\/wp-json\/wp\/v2\/posts"}],"about":[{"href":"https:\/\/fcliege.be\/fr\/wp-json\/wp\/v2\/types\/post"}],"author":[{"embeddable":true,"href":"https:\/\/fcliege.be\/fr\/wp-json\/wp\/v2\/users\/12"}],"replies":[{"embeddable":true,"href":"https:\/\/fcliege.be\/fr\/wp-json\/wp\/v2\/comments?post=30056"}],"version-history":[{"count":8,"href":"https:\/\/fcliege.be\/fr\/wp-json\/wp\/v2\/posts\/30056\/revisions"}],"predecessor-version":[{"id":30136,"href":"https:\/\/fcliege.be\/fr\/wp-json\/wp\/v2\/posts\/30056\/revisions\/30136"}],"wp:featuredmedia":[{"embeddable":true,"href":"https:\/\/fcliege.be\/fr\/wp-json\/wp\/v2\/media\/30132"}],"wp:attachment":[{"href":"https:\/\/fcliege.be\/fr\/wp-json\/wp\/v2\/media?parent=30056"}],"wp:term":[{"taxonomy":"category","embeddable":true,"href":"https:\/\/fcliege.be\/fr\/wp-json\/wp\/v2\/categories?post=30056"},{"taxonomy":"post_tag","embeddable":true,"href":"https:\/\/fcliege.be\/fr\/wp-json\/wp\/v2\/tags?post=30056"}],"curies":[{"name":"wp","href":"https:\/\/api.w.org\/{rel}","templated":true}]}}