{"id":30110,"date":"2025-09-12T18:04:48","date_gmt":"2025-09-12T16:04:48","guid":{"rendered":"https:\/\/fcliege.be\/fr\/?p=30110"},"modified":"2025-09-15T17:37:36","modified_gmt":"2025-09-15T15:37:36","slug":"la-parole-a-oumar-diouf","status":"publish","type":"post","link":"https:\/\/fcliege.be\/fr\/la-parole-a-oumar-diouf\/","title":{"rendered":"La parole \u00e0&#8230; Oumar Diouf"},"content":{"rendered":"\n<p><\/p>\n\n\n\n<h4 class=\"wp-block-heading\"><strong>L&rsquo;interview de la semaine en compagnie d&rsquo;Oumar Diouf.<\/strong><\/h4>\n\n\n\n<p><strong>Li\u00e8ge n\u2019a pas failli \u00e0 sa mission face \u00e0 Gullegem. On imagine que tu es fier de l\u2019\u00e9quipe : vous n\u2019avez jamais dout\u00e9.<\/strong><\/p>\n\n\n\n<p><em>En effet, nous n\u2019avons pas sous-estim\u00e9 l\u2019adversaire. Nous savions que nous devions gagner ce match pour atteindre notre objectif et affronter une \u00e9quipe de D1A. C\u2019est aussi une victoire tr\u00e8s importante pour retrouver de la confiance apr\u00e8s la d\u00e9faite face au Patro.<\/em><\/p>\n\n\n\n<p><strong>4 buts en 5 matchs : tu dois \u00eatre fier de tes d\u00e9buts en Belgique ?<\/strong><\/p>\n\n\n\n<p><em>C\u2019est positif, mais je ne m\u2019attarde pas sur ces buts. Nous ne sommes qu\u2019au d\u00e9but du championnat et il reste beaucoup de matchs. Je suis content de mes d\u00e9buts et j\u2019ai h\u00e2te de voir la suite.<\/em><\/p>\n\n\n\n<p><strong>Samedi, ce sera ton premier match contre une \u00e9quipe U23. Tes co\u00e9quipiers t\u2019ont-ils d\u00e9j\u00e0 dit \u00e0 quoi t\u2019attendre ?<\/strong><\/p>\n\n\n\n<p><em>Pas encore, mais peu importe. Au fond, cela reste un match de football. Qu\u2019il s\u2019agisse d\u2019une \u00e9quipe premi\u00e8re ou d\u2019une U23 en face, nous sommes pr\u00eats \u00e0 affronter n\u2019importe quel adversaire.<\/em><\/p>\n\n\n\n<p><strong>Lors du match \u00e0 Lokeren, tu es sorti l\u00e9g\u00e8rement bless\u00e9. Tu as n\u00e9anmoins disput\u00e9 les deux matches suivants. \u00c9tait-ce une fausse alerte ?<\/strong><\/p>\n\n\n\n<p><em>Effectivement, c\u2019\u00e9tait une fausse alerte. Ce jour-l\u00e0, j\u2019avais re\u00e7u pas mal de coups, mais rien de grave. Le staff m\u00e9dical a fait du tr\u00e8s bon travail et je suis content d\u2019avoir pu encha\u00eener les entra\u00eenements et les matches.<\/em><\/p>\n","protected":false},"excerpt":{"rendered":"<p>L&rsquo;interview de la semaine en compagnie d&rsquo;Oumar Diouf. Li\u00e8ge n\u2019a pas failli \u00e0 sa mission face \u00e0 Gullegem. On imagine que tu es fier de l\u2019\u00e9quipe : vous n\u2019avez jamais dout\u00e9. En effet, nous n\u2019avons pas sous-estim\u00e9 l\u2019adversaire. Nous savions que nous devions gagner ce match pour atteindre notre objectif et affronter une \u00e9quipe de [&hellip;]<\/p>\n","protected":false},"author":12,"featured_media":30112,"comment_status":"closed","ping_status":"closed","sticky":false,"template":"","format":"standard","meta":{"iawp_total_views":518},"categories":[1],"tags":[],"_links":{"self":[{"href":"https:\/\/fcliege.be\/fr\/wp-json\/wp\/v2\/posts\/30110"}],"collection":[{"href":"https:\/\/fcliege.be\/fr\/wp-json\/wp\/v2\/posts"}],"about":[{"href":"https:\/\/fcliege.be\/fr\/wp-json\/wp\/v2\/types\/post"}],"author":[{"embeddable":true,"href":"https:\/\/fcliege.be\/fr\/wp-json\/wp\/v2\/users\/12"}],"replies":[{"embeddable":true,"href":"https:\/\/fcliege.be\/fr\/wp-json\/wp\/v2\/comments?post=30110"}],"version-history":[{"count":2,"href":"https:\/\/fcliege.be\/fr\/wp-json\/wp\/v2\/posts\/30110\/revisions"}],"predecessor-version":[{"id":30113,"href":"https:\/\/fcliege.be\/fr\/wp-json\/wp\/v2\/posts\/30110\/revisions\/30113"}],"wp:featuredmedia":[{"embeddable":true,"href":"https:\/\/fcliege.be\/fr\/wp-json\/wp\/v2\/media\/30112"}],"wp:attachment":[{"href":"https:\/\/fcliege.be\/fr\/wp-json\/wp\/v2\/media?parent=30110"}],"wp:term":[{"taxonomy":"category","embeddable":true,"href":"https:\/\/fcliege.be\/fr\/wp-json\/wp\/v2\/categories?post=30110"},{"taxonomy":"post_tag","embeddable":true,"href":"https:\/\/fcliege.be\/fr\/wp-json\/wp\/v2\/tags?post=30110"}],"curies":[{"name":"wp","href":"https:\/\/api.w.org\/{rel}","templated":true}]}}